{"id":5661,"date":"2022-06-13T17:41:44","date_gmt":"2022-06-13T15:41:44","guid":{"rendered":"https:\/\/orthopus.com\/?p=5661"},"modified":"2023-02-28T16:46:26","modified_gmt":"2023-02-28T15:46:26","slug":"rapport-mondial-technologies-assistance","status":"publish","type":"post","link":"https:\/\/orthopus.com\/fr\/rapport-mondial-technologies-assistance\/","title":{"rendered":"Ce qu\u2019il faut retenir du premier rapport mondial sur les technologies d\u2019assistance"},"content":{"rendered":"\t\t<div data-elementor-type=\"wp-post\" data-elementor-id=\"5661\" class=\"elementor elementor-5661\" data-elementor-post-type=\"post\">\n\t\t\t\t\t\t<section class=\"elementor-section elementor-top-section elementor-element elementor-element-0726dfc elementor-section-boxed elementor-section-height-default elementor-section-height-default\" data-id=\"0726dfc\" data-element_type=\"section\" data-e-type=\"section\" data-settings=\"{&quot;jet_parallax_layout_list&quot;:[]}\">\n\t\t\t\t\t\t<div class=\"elementor-container elementor-column-gap-default\">\n\t\t\t\t\t<div class=\"elementor-column elementor-col-100 elementor-top-column elementor-element elementor-element-f633014\" data-id=\"f633014\" data-element_type=\"column\" data-e-type=\"column\">\n\t\t\t<div class=\"elementor-widget-wrap elementor-element-populated\">\n\t\t\t\t\t\t<div class=\"elementor-element elementor-element-8c018ad elementor-widget elementor-widget-text-editor\" data-id=\"8c018ad\" data-element_type=\"widget\" data-e-type=\"widget\" data-widget_type=\"text-editor.default\">\n\t\t\t\t<div class=\"elementor-widget-container\">\n\t\t\t\t\t\t\t\t\t<em><small>Photo David Constantine &#8211; issue du rapport de l&#8217;OMS\n<\/em><\/small>\t\t\t\t\t\t\t\t<\/div>\n\t\t\t\t<\/div>\n\t\t\t\t\t<\/div>\n\t\t<\/div>\n\t\t\t\t\t<\/div>\n\t\t<\/section>\n\t\t\t\t<section class=\"elementor-section elementor-top-section elementor-element elementor-element-2fa0db6 elementor-section-boxed elementor-section-height-default elementor-section-height-default\" data-id=\"2fa0db6\" data-element_type=\"section\" data-e-type=\"section\" data-settings=\"{&quot;jet_parallax_layout_list&quot;:[]}\">\n\t\t\t\t\t\t<div class=\"elementor-container elementor-column-gap-default\">\n\t\t\t\t\t<div class=\"elementor-column elementor-col-100 elementor-top-column elementor-element elementor-element-4cca478\" data-id=\"4cca478\" data-element_type=\"column\" data-e-type=\"column\">\n\t\t\t<div class=\"elementor-widget-wrap elementor-element-populated\">\n\t\t\t\t\t\t<div class=\"elementor-element elementor-element-cf2c9c5 elementor-widget elementor-widget-text-editor\" data-id=\"cf2c9c5\" data-element_type=\"widget\" data-e-type=\"widget\" data-widget_type=\"text-editor.default\">\n\t\t\t\t<div class=\"elementor-widget-container\">\n\t\t\t\t\t\t\t\t\t<p><strong><b>L\u2019OMS et l\u2019Unicef viennent de publier <\/b><a href=\"https:\/\/apps.who.int\/iris\/bitstream\/handle\/10665\/354357\/9789240049451-eng.pdf?sequence=1&amp;isAllowed=y\" target=\"_blank\" rel=\"noopener\"><b>un rapport mondial sur les technologies d\u2019assistance<\/b><\/a><b> au handicap. Fruit de 4 ann\u00e9es de travail pour r\u00e9colter les donn\u00e9es de 70 pays, il met en lumi\u00e8re les enjeux m\u00e9dicaux et sociaux autour de l\u2019acc\u00e8s aux aides techniques. Nous avons \u00e9pluch\u00e9 la centaine de pages du rapport pour vous r\u00e9sumer ce qu\u2019il faut en retenir. <\/b><\/strong><\/p>\t\t\t\t\t\t\t\t<\/div>\n\t\t\t\t<\/div>\n\t\t\t\t\t<\/div>\n\t\t<\/div>\n\t\t\t\t\t<\/div>\n\t\t<\/section>\n\t\t\t\t<section class=\"elementor-section elementor-top-section elementor-element elementor-element-8edb78c elementor-section-boxed elementor-section-height-default elementor-section-height-default\" data-id=\"8edb78c\" data-element_type=\"section\" data-e-type=\"section\" data-settings=\"{&quot;jet_parallax_layout_list&quot;:[]}\">\n\t\t\t\t\t\t<div class=\"elementor-container elementor-column-gap-default\">\n\t\t\t\t\t<div class=\"elementor-column elementor-col-100 elementor-top-column elementor-element elementor-element-8c13783\" data-id=\"8c13783\" data-element_type=\"column\" data-e-type=\"column\">\n\t\t\t<div class=\"elementor-widget-wrap elementor-element-populated\">\n\t\t\t\t\t\t<div class=\"elementor-element elementor-element-487b190 elementor-widget elementor-widget-spacer\" data-id=\"487b190\" data-element_type=\"widget\" data-e-type=\"widget\" data-widget_type=\"spacer.default\">\n\t\t\t\t<div class=\"elementor-widget-container\">\n\t\t\t\t\t\t\t<div class=\"elementor-spacer\">\n\t\t\t<div class=\"elementor-spacer-inner\"><\/div>\n\t\t<\/div>\n\t\t\t\t\t\t<\/div>\n\t\t\t\t<\/div>\n\t\t\t\t<div class=\"elementor-element elementor-element-49792d5 elementor-widget elementor-widget-heading\" data-id=\"49792d5\" data-element_type=\"widget\" data-e-type=\"widget\" data-widget_type=\"heading.default\">\n\t\t\t\t<div class=\"elementor-widget-container\">\n\t\t\t\t\t<h3 class=\"elementor-heading-title elementor-size-default\">COMMENT ET POURQUOI EST \u00c9CRIT CE RAPPORT ?\n\n\n<\/h3>\t\t\t\t<\/div>\n\t\t\t\t<\/div>\n\t\t\t\t\t<\/div>\n\t\t<\/div>\n\t\t\t\t\t<\/div>\n\t\t<\/section>\n\t\t\t\t<section class=\"elementor-section elementor-top-section elementor-element elementor-element-903a376 elementor-section-boxed elementor-section-height-default elementor-section-height-default\" data-id=\"903a376\" data-element_type=\"section\" data-e-type=\"section\" data-settings=\"{&quot;jet_parallax_layout_list&quot;:[]}\">\n\t\t\t\t\t\t<div class=\"elementor-container elementor-column-gap-default\">\n\t\t\t\t\t<div class=\"elementor-column elementor-col-100 elementor-top-column elementor-element elementor-element-890a3e2\" data-id=\"890a3e2\" data-element_type=\"column\" data-e-type=\"column\">\n\t\t\t<div class=\"elementor-widget-wrap elementor-element-populated\">\n\t\t\t\t\t\t<div class=\"elementor-element elementor-element-4631d35 elementor-widget elementor-widget-text-editor\" data-id=\"4631d35\" data-element_type=\"widget\" data-e-type=\"widget\" data-widget_type=\"text-editor.default\">\n\t\t\t\t<div class=\"elementor-widget-container\">\n\t\t\t\t\t\t\t\t\t<p><span style=\"font-weight: 400;\">Publi\u00e9 en mai 2022, <a href=\"https:\/\/apps.who.int\/iris\/rest\/bitstreams\/1424204\/retrieve\" target=\"_blank\" rel=\"noopener\">le \u201cGlobal Report on Assistive Technology\u201d<\/a> est le premier rapport mondial produit sur les technologies d\u2019assistance. Il a \u00e9t\u00e9 r\u00e9dig\u00e9 par l\u2019OMS et l\u2019Unicef \u00e0 la demande des \u00c9tats membres de l\u2019OMS, \u00e0 la suite de la <a href=\"https:\/\/apps.who.int\/gb\/ebwha\/pdf_files\/WHA71\/A71_R8-en.pdf\" target=\"_blank\" rel=\"noopener\">r\u00e9solution pour \u201cAm\u00e9liorer l\u2019acc\u00e8s aux technologies d\u2019assistance\u201d vot\u00e9e en mai 2018<\/a>. Il donne un aper\u00e7u global du sujet, abordant les politiques de sant\u00e9, la question de l\u2019approvisionnement, la main d&#8217;\u0153uvre, les prix, etc.<\/span><\/p><p>Il est construit \u00e0 partir de donn\u00e9es r\u00e9colt\u00e9es via <a href=\"https:\/\/www.who.int\/publications\/i\/item\/WHO-MHP-HPS-ATM-2021.1\" target=\"_blank\" rel=\"noopener\">un questionnaire d\u2019\u00e9valuation<\/a> diffus\u00e9 entre 2018 et d\u00e9cembre 2021 et d\u2019enqu\u00eates nationales dans 70 pays. 323 647 personnes ont \u00e9t\u00e9 interrog\u00e9es (dont 51% de femmes) et plus de 500 contributeurs ont particip\u00e9 \u00e0 sa r\u00e9daction.<\/p>\t\t\t\t\t\t\t\t<\/div>\n\t\t\t\t<\/div>\n\t\t\t\t<div class=\"elementor-element elementor-element-aa8a2b6 elementor-widget elementor-widget-spacer\" data-id=\"aa8a2b6\" data-element_type=\"widget\" data-e-type=\"widget\" data-widget_type=\"spacer.default\">\n\t\t\t\t<div class=\"elementor-widget-container\">\n\t\t\t\t\t\t\t<div class=\"elementor-spacer\">\n\t\t\t<div class=\"elementor-spacer-inner\"><\/div>\n\t\t<\/div>\n\t\t\t\t\t\t<\/div>\n\t\t\t\t<\/div>\n\t\t\t\t<div class=\"elementor-element elementor-element-2349e9f elementor-widget elementor-widget-heading\" data-id=\"2349e9f\" data-element_type=\"widget\" data-e-type=\"widget\" data-widget_type=\"heading.default\">\n\t\t\t\t<div class=\"elementor-widget-container\">\n\t\t\t\t\t<h3 class=\"elementor-heading-title elementor-size-default\">L\u2019ACC\u00c8S AUX TECHNOLOGIES D\u2019ASSISTANCE : UN DROIT FONDAMENTAL \n\n\n\n<\/h3>\t\t\t\t<\/div>\n\t\t\t\t<\/div>\n\t\t\t\t\t<\/div>\n\t\t<\/div>\n\t\t\t\t\t<\/div>\n\t\t<\/section>\n\t\t\t\t<section class=\"elementor-section elementor-top-section elementor-element elementor-element-d6aec2c elementor-section-boxed elementor-section-height-default elementor-section-height-default\" data-id=\"d6aec2c\" data-element_type=\"section\" data-e-type=\"section\" data-settings=\"{&quot;jet_parallax_layout_list&quot;:[]}\">\n\t\t\t\t\t\t<div class=\"elementor-container elementor-column-gap-default\">\n\t\t\t\t\t<div class=\"elementor-column elementor-col-100 elementor-top-column elementor-element elementor-element-8bda298\" data-id=\"8bda298\" data-element_type=\"column\" data-e-type=\"column\">\n\t\t\t<div class=\"elementor-widget-wrap elementor-element-populated\">\n\t\t\t\t\t\t<div class=\"elementor-element elementor-element-67e7736 elementor-widget elementor-widget-text-editor\" data-id=\"67e7736\" data-element_type=\"widget\" data-e-type=\"widget\" data-widget_type=\"text-editor.default\">\n\t\t\t\t<div class=\"elementor-widget-container\">\n\t\t\t\t\t\t\t\t\t<p>Les technologies d\u2019assistance (aussi appel\u00e9es \u201caides techniques\u201d en France) d\u00e9signent <b>les produits et services qui maintiennent ou am\u00e9liorent l\u2019autonomie des personnes<\/b> pour : la mobilit\u00e9, l\u2019audition, la vue, la cognition et la communication. Il peut s\u2019agir de produits physiques comme des fauteuils roulants, proth\u00e8ses, lunettes, ou de logiciels et d\u2019applications num\u00e9riques.<\/p><p>Aujourd\u2019hui, une personne sur trois, soit <b>plus de 2,5 milliards de personnes dans le monde, a besoin d&#8217;au moins une assistance<\/b>. Avec le vieillissement de la population mondiale, l\u2019augmentation des maladies chroniques (respiratoires, cardiovasculaires) et des cancers, ce chiffre pourrait atteindre 3,5 milliards en 2050.<\/p><p><b>Mais le rapport fait le constat des in\u00e9galit\u00e9s criantes \u00e0 l\u2019\u00e9chelle mondiale<\/b>. Quand 90 % des personnes acc\u00e8dent aux aides techniques qui leur sont n\u00e9cessaires dans les pays riches, ce taux passe \u00e0 3 % dans les pays les plus pauvres.\u00a0<\/p><p>Pourtant, l&#8217;acc\u00e8s aux technologies d&#8217;assistance est<b> un <\/b><a href=\"https:\/\/www.ohchr.org\/en\/publications\/fact-sheets\/fact-sheet-no-31-right-health\" target=\"_blank\" rel=\"noopener\"><b>droit fondamental inscrit dans la D\u00e9claration universelle des droits de l&#8217;homme<\/b><\/a>.<b> Condition pr\u00e9alable \u00e0 l&#8217;\u00e9galit\u00e9 des chances<\/b>, ces \u00e9quipements permettent aux personnes en situation de handicap de s\u2019int\u00e9grer pleinement \u00e0 la soci\u00e9t\u00e9 : participer \u00e0 l\u2019\u00e9ducation, s\u2019ins\u00e9rer dans le march\u00e9 du travail, s\u2019impliquer dans la vie communautaire, civile ou politique.\u00a0<\/p>\t\t\t\t\t\t\t\t<\/div>\n\t\t\t\t<\/div>\n\t\t\t\t<div class=\"elementor-element elementor-element-b05e0be elementor-widget elementor-widget-spacer\" data-id=\"b05e0be\" data-element_type=\"widget\" data-e-type=\"widget\" data-widget_type=\"spacer.default\">\n\t\t\t\t<div class=\"elementor-widget-container\">\n\t\t\t\t\t\t\t<div class=\"elementor-spacer\">\n\t\t\t<div class=\"elementor-spacer-inner\"><\/div>\n\t\t<\/div>\n\t\t\t\t\t\t<\/div>\n\t\t\t\t<\/div>\n\t\t\t\t\t<\/div>\n\t\t<\/div>\n\t\t\t\t\t<\/div>\n\t\t<\/section>\n\t\t\t\t<section class=\"elementor-section elementor-top-section elementor-element elementor-element-c29876c elementor-section-boxed elementor-section-height-default elementor-section-height-default\" data-id=\"c29876c\" data-element_type=\"section\" data-e-type=\"section\" data-settings=\"{&quot;jet_parallax_layout_list&quot;:[]}\">\n\t\t\t\t\t\t<div class=\"elementor-container elementor-column-gap-default\">\n\t\t\t\t\t<div class=\"elementor-column elementor-col-100 elementor-top-column elementor-element elementor-element-6653a81\" data-id=\"6653a81\" data-element_type=\"column\" data-e-type=\"column\">\n\t\t\t<div class=\"elementor-widget-wrap elementor-element-populated\">\n\t\t\t\t\t\t<div class=\"elementor-element elementor-element-5044a81 elementor-widget elementor-widget-heading\" data-id=\"5044a81\" data-element_type=\"widget\" data-e-type=\"widget\" data-widget_type=\"heading.default\">\n\t\t\t\t<div class=\"elementor-widget-container\">\n\t\t\t\t\t<h3 class=\"elementor-heading-title elementor-size-default\">LES FREINS \u00c0 L\u2019\u00c9QUIPEMENT \n\n\n\n\n<\/h3>\t\t\t\t<\/div>\n\t\t\t\t<\/div>\n\t\t\t\t\t<\/div>\n\t\t<\/div>\n\t\t\t\t\t<\/div>\n\t\t<\/section>\n\t\t\t\t<section class=\"elementor-section elementor-top-section elementor-element elementor-element-5f970ee elementor-section-boxed elementor-section-height-default elementor-section-height-default\" data-id=\"5f970ee\" data-element_type=\"section\" data-e-type=\"section\" data-settings=\"{&quot;jet_parallax_layout_list&quot;:[]}\">\n\t\t\t\t\t\t<div class=\"elementor-container elementor-column-gap-default\">\n\t\t\t\t\t<div class=\"elementor-column elementor-col-100 elementor-top-column elementor-element elementor-element-3376116\" data-id=\"3376116\" data-element_type=\"column\" data-e-type=\"column\">\n\t\t\t<div class=\"elementor-widget-wrap elementor-element-populated\">\n\t\t\t\t\t\t<div class=\"elementor-element elementor-element-0042dbb elementor-widget elementor-widget-text-editor\" data-id=\"0042dbb\" data-element_type=\"widget\" data-e-type=\"widget\" data-widget_type=\"text-editor.default\">\n\t\t\t\t<div class=\"elementor-widget-container\">\n\t\t\t\t\t\t\t\t\t<p>Sans surprise, le premier obstacle pour acqu\u00e9rir une aide technique adapt\u00e9e est <b>le prix et le manque de solutions de financement <\/b>(43% des r\u00e9ponses). La majorit\u00e9 des personnes interrog\u00e9es ont financ\u00e9 leurs aides techniques eux-m\u00eame (46%) ou gr\u00e2ce au soutien de leur entourage (30%).<br \/><br \/>Les <b>informations limit\u00e9es ou peu accessibles<\/b> sur les \u00e9quipements sont aussi une barri\u00e8re importante. Trouver des informations fiables, faire le tri entre les possibilit\u00e9s de financements souvent dispers\u00e9es entre diff\u00e9rentes institutions : le rapport rel\u00e8ve que <span style=\"color: #465a61;\"><b><i>\u201cla charge de la recherche d\u2019informations pour s\u2019\u00e9quiper p\u00e8se sur les utilisateurs\u201d<\/i><\/b><\/span><i>.<br \/><br \/><\/i><b>Le manque de services pour accompagner les utilisateurs<\/b> est aussi soulign\u00e9 : beaucoup de pays ont peu voire pas de personnel d\u00e9di\u00e9 et form\u00e9. De plus, lorsqu&#8217;elles sont \u00e9quip\u00e9es, les personnes ne sont souvent pas form\u00e9es \u00e0 l\u2019utilisation et aucun suivi ne leur est propos\u00e9, <b>ce qui peut r\u00e9duire le temps d\u2019usage de l\u2019aide technique ou conduire \u00e0 son abandon<\/b>.\u00a0<br \/><br \/>L\u2019OMS pointe \u00e9galement le probl\u00e8me <b>des produits existants peu r\u00e9parables et peu adaptables. <\/b><span style=\"color: #465a61;\"><i>\u201cLes pr\u00e9f\u00e9rences esth\u00e9tiques sont particuli\u00e8rement importantes pour les dispositifs pro\u00e9minents et les populations sp\u00e9cifiques (par exemple, les jeunes adultes).[&#8230;] Malgr\u00e9 l&#8217;importance de la conception dans l\u2019appropriation des technologies d&#8217;assistance, la majorit\u00e9 des produits ne sont pas adapt\u00e9s aux enfants ou gender-friendly.\u201d<\/i><\/span><\/p>\t\t\t\t\t\t\t\t<\/div>\n\t\t\t\t<\/div>\n\t\t\t\t<div class=\"elementor-element elementor-element-80ee398 elementor-widget elementor-widget-image\" data-id=\"80ee398\" data-element_type=\"widget\" data-e-type=\"widget\" data-widget_type=\"image.default\">\n\t\t\t\t<div class=\"elementor-widget-container\">\n\t\t\t\t\t\t\t\t\t\t\t\t\t\t\t<img fetchpriority=\"high\" decoding=\"async\" width=\"1024\" height=\"730\" src=\"https:\/\/orthopus.com\/wp-content\/uploads\/2022\/06\/dataviz_frein-equipement_assistivetech-1024x730.png\" class=\"attachment-large size-large wp-image-5665\" alt=\"les freins pour acc\u00e9der aux technologies d&#039;assistance\" srcset=\"https:\/\/orthopus.com\/wp-content\/uploads\/2022\/06\/dataviz_frein-equipement_assistivetech-1024x730.png 1024w, https:\/\/orthopus.com\/wp-content\/uploads\/2022\/06\/dataviz_frein-equipement_assistivetech-300x214.png 300w, https:\/\/orthopus.com\/wp-content\/uploads\/2022\/06\/dataviz_frein-equipement_assistivetech-768x547.png 768w, https:\/\/orthopus.com\/wp-content\/uploads\/2022\/06\/dataviz_frein-equipement_assistivetech-370x265.png 370w, https:\/\/orthopus.com\/wp-content\/uploads\/2022\/06\/dataviz_frein-equipement_assistivetech-600x428.png 600w, https:\/\/orthopus.com\/wp-content\/uploads\/2022\/06\/dataviz_frein-equipement_assistivetech.png 1483w\" sizes=\"(max-width: 1024px) 100vw, 1024px\" \/>\t\t\t\t\t\t\t\t\t\t\t\t\t\t\t<\/div>\n\t\t\t\t<\/div>\n\t\t\t\t<div class=\"elementor-element elementor-element-863541a elementor-widget elementor-widget-text-editor\" data-id=\"863541a\" data-element_type=\"widget\" data-e-type=\"widget\" data-widget_type=\"text-editor.default\">\n\t\t\t\t<div class=\"elementor-widget-container\">\n\t\t\t\t\t\t\t\t\t<p><b>La distance avec les services de sant\u00e9 <\/b>dans certaines r\u00e9gions, ou <b>la mauvaise qualit\u00e9 des produits sur le march\u00e9<\/b> s\u2019ajoutent \u00e0 la (trop) longue liste des barri\u00e8res \u00e0 l\u2019\u00e9quipement.<\/p>\t\t\t\t\t\t\t\t<\/div>\n\t\t\t\t<\/div>\n\t\t\t\t\t<\/div>\n\t\t<\/div>\n\t\t\t\t\t<\/div>\n\t\t<\/section>\n\t\t\t\t<section class=\"elementor-section elementor-top-section elementor-element elementor-element-be41f74 elementor-section-boxed elementor-section-height-default elementor-section-height-default\" data-id=\"be41f74\" data-element_type=\"section\" data-e-type=\"section\" data-settings=\"{&quot;jet_parallax_layout_list&quot;:[]}\">\n\t\t\t\t\t\t<div class=\"elementor-container elementor-column-gap-default\">\n\t\t\t\t\t<div class=\"elementor-column elementor-col-100 elementor-top-column elementor-element elementor-element-497b669\" data-id=\"497b669\" data-element_type=\"column\" data-e-type=\"column\">\n\t\t\t<div class=\"elementor-widget-wrap elementor-element-populated\">\n\t\t\t\t\t\t<div class=\"elementor-element elementor-element-0825c60 elementor-widget elementor-widget-spacer\" data-id=\"0825c60\" data-element_type=\"widget\" data-e-type=\"widget\" data-widget_type=\"spacer.default\">\n\t\t\t\t<div class=\"elementor-widget-container\">\n\t\t\t\t\t\t\t<div class=\"elementor-spacer\">\n\t\t\t<div class=\"elementor-spacer-inner\"><\/div>\n\t\t<\/div>\n\t\t\t\t\t\t<\/div>\n\t\t\t\t<\/div>\n\t\t\t\t<div class=\"elementor-element elementor-element-246ed26 elementor-widget elementor-widget-heading\" data-id=\"246ed26\" data-element_type=\"widget\" data-e-type=\"widget\" data-widget_type=\"heading.default\">\n\t\t\t\t<div class=\"elementor-widget-container\">\n\t\t\t\t\t<h3 class=\"elementor-heading-title elementor-size-default\">COMMENT AM\u00c9LIORER LES CHOSES ?\n\n\n\n\n\n<\/h3>\t\t\t\t<\/div>\n\t\t\t\t<\/div>\n\t\t\t\t\t<\/div>\n\t\t<\/div>\n\t\t\t\t\t<\/div>\n\t\t<\/section>\n\t\t\t\t<section class=\"elementor-section elementor-top-section elementor-element elementor-element-bce9a20 elementor-section-boxed elementor-section-height-default elementor-section-height-default\" data-id=\"bce9a20\" data-element_type=\"section\" data-e-type=\"section\" data-settings=\"{&quot;jet_parallax_layout_list&quot;:[]}\">\n\t\t\t\t\t\t<div class=\"elementor-container elementor-column-gap-default\">\n\t\t\t\t\t<div class=\"elementor-column elementor-col-100 elementor-top-column elementor-element elementor-element-da34e3c\" data-id=\"da34e3c\" data-element_type=\"column\" data-e-type=\"column\">\n\t\t\t<div class=\"elementor-widget-wrap elementor-element-populated\">\n\t\t\t\t\t\t<div class=\"elementor-element elementor-element-f4e6e15 elementor-widget elementor-widget-text-editor\" data-id=\"f4e6e15\" data-element_type=\"widget\" data-e-type=\"widget\" data-widget_type=\"text-editor.default\">\n\t\t\t\t<div class=\"elementor-widget-container\">\n\t\t\t\t\t\t\t\t\t<p><b>Le rapport propose 10 propositions concr\u00e8tes <\/b>pour am\u00e9liorer l\u2019acc\u00e8s aux technologies d\u2019assistance, \u00e0 l\u2019\u00e9chelle globale. \u00c0 c\u00f4t\u00e9 des mesures \u00e9videntes &#8211; comme l\u2019allocation de moyens financiers, la formation de personnel, la mise en place de strat\u00e9gies nationales, la r\u00e9duction des co\u00fbts &#8211; <b>plusieurs id\u00e9es ont retenu notre attention.\u00a0<\/b><\/p><p>\u00a0<\/p>\t\t\t\t\t\t\t\t<\/div>\n\t\t\t\t<\/div>\n\t\t\t\t\t<\/div>\n\t\t<\/div>\n\t\t\t\t\t<\/div>\n\t\t<\/section>\n\t\t\t\t<section class=\"elementor-section elementor-top-section elementor-element elementor-element-68cb554 elementor-section-boxed elementor-section-height-default elementor-section-height-default\" data-id=\"68cb554\" data-element_type=\"section\" data-e-type=\"section\" data-settings=\"{&quot;jet_parallax_layout_list&quot;:[]}\">\n\t\t\t\t\t\t<div class=\"elementor-container elementor-column-gap-default\">\n\t\t\t\t\t<div class=\"elementor-column elementor-col-33 elementor-top-column elementor-element elementor-element-5ca1b0a\" data-id=\"5ca1b0a\" data-element_type=\"column\" data-e-type=\"column\">\n\t\t\t<div class=\"elementor-widget-wrap\">\n\t\t\t\t\t\t\t<\/div>\n\t\t<\/div>\n\t\t\t\t<div class=\"elementor-column elementor-col-66 elementor-top-column elementor-element elementor-element-f0997e4\" data-id=\"f0997e4\" data-element_type=\"column\" data-e-type=\"column\">\n\t\t\t<div class=\"elementor-widget-wrap elementor-element-populated\">\n\t\t\t\t\t\t<div class=\"elementor-element elementor-element-0f7c59a elementor-widget elementor-widget-text-editor\" data-id=\"0f7c59a\" data-element_type=\"widget\" data-e-type=\"widget\" data-widget_type=\"text-editor.default\">\n\t\t\t\t<div class=\"elementor-widget-container\">\n\t\t\t\t\t\t\t\t\t<ul><li aria-level=\"1\"><b>I<\/b><strong>MPLIQUER ACTIVEMENT LES UTILISATEURS ET LEURS FAMILLES<\/strong><\/li><\/ul><p><span style=\"color: #465a61;\"><i>\u201cLes utilisateurs doivent \u00eatre consid\u00e9r\u00e9s comme des partenaires dans le parcours d\u2019\u00e9quipement, et non comme des b\u00e9n\u00e9ficiaires passifs. [&#8230;] Ils doivent donc \u00eatre consult\u00e9s et impliqu\u00e9s \u00e0 tous les niveaux.\u201d<\/i><\/span><br \/>Form\u00e9s, les utilisateurs et leurs aidants peuvent en effet ma\u00eetriser les r\u00e9glages et la maintenance l\u00e9g\u00e8re de leur dispositif. \u00c9quip\u00e9s, ils deviennent experts dans l\u2019utilisation de l\u2019aide technique. Ils peuvent en expliquer les avantages \u00e0 des pairs ou fournir un retour d\u2019exp\u00e9rience aux fabricants. Un point qui r\u00e9sonne particuli\u00e8rement pour ORTHOPUS et que nous estimons incontournable dans le d\u00e9veloppement des aides techniques.\u00a0<\/p>\t\t\t\t\t\t\t\t<\/div>\n\t\t\t\t<\/div>\n\t\t\t\t\t<\/div>\n\t\t<\/div>\n\t\t\t\t\t<\/div>\n\t\t<\/section>\n\t\t\t\t<section class=\"elementor-section elementor-top-section elementor-element elementor-element-4545ea3 elementor-section-boxed elementor-section-height-default elementor-section-height-default\" data-id=\"4545ea3\" data-element_type=\"section\" data-e-type=\"section\" data-settings=\"{&quot;jet_parallax_layout_list&quot;:[]}\">\n\t\t\t\t\t\t<div class=\"elementor-container elementor-column-gap-default\">\n\t\t\t\t\t<div class=\"elementor-column elementor-col-33 elementor-top-column elementor-element elementor-element-fe7827f\" data-id=\"fe7827f\" data-element_type=\"column\" data-e-type=\"column\">\n\t\t\t<div class=\"elementor-widget-wrap\">\n\t\t\t\t\t\t\t<\/div>\n\t\t<\/div>\n\t\t\t\t<div class=\"elementor-column elementor-col-66 elementor-top-column elementor-element elementor-element-a1165c6\" data-id=\"a1165c6\" data-element_type=\"column\" data-e-type=\"column\">\n\t\t\t<div class=\"elementor-widget-wrap elementor-element-populated\">\n\t\t\t\t\t\t<div class=\"elementor-element elementor-element-6a7fc5a elementor-widget elementor-widget-text-editor\" data-id=\"6a7fc5a\" data-element_type=\"widget\" data-e-type=\"widget\" data-widget_type=\"text-editor.default\">\n\t\t\t\t<div class=\"elementor-widget-container\">\n\t\t\t\t\t\t\t\t\t<ul><li aria-level=\"1\"><b>SE BASER SUR DES DONN\u00c9ES FACTUELLES POUR IDENTIFIER LES BESOIN<\/b><strong>S<\/strong><\/li><\/ul><p><span style=\"color: #465a61;\"><i>\u201cChaque pays devrait disposer de donn\u00e9es sur les besoins, la demande et l\u2019offre des aides techniques afin d\u2019identifier les manques et les tendances.\u201d <\/i><\/span><a href=\"https:\/\/orthopus.com\/les-chiffres-du-handicap\/\" target=\"_blank\" rel=\"noopener\">Investir dans la collecte des donn\u00e9es et leur analyse est indispensable<\/a> pour proposer des strat\u00e9gies adapt\u00e9es aux populations. C\u2019est un outil pour appuyer les prises de d\u00e9cisions politiques sur les \u00e9quipements d\u2019assistance.<\/p>\t\t\t\t\t\t\t\t<\/div>\n\t\t\t\t<\/div>\n\t\t\t\t\t<\/div>\n\t\t<\/div>\n\t\t\t\t\t<\/div>\n\t\t<\/section>\n\t\t\t\t<section class=\"elementor-section elementor-top-section elementor-element elementor-element-00098cf elementor-section-boxed elementor-section-height-default elementor-section-height-default\" data-id=\"00098cf\" data-element_type=\"section\" data-e-type=\"section\" data-settings=\"{&quot;jet_parallax_layout_list&quot;:[]}\">\n\t\t\t\t\t\t<div class=\"elementor-container elementor-column-gap-default\">\n\t\t\t\t\t<div class=\"elementor-column elementor-col-33 elementor-top-column elementor-element elementor-element-7e3d3ee\" data-id=\"7e3d3ee\" data-element_type=\"column\" data-e-type=\"column\">\n\t\t\t<div class=\"elementor-widget-wrap\">\n\t\t\t\t\t\t\t<\/div>\n\t\t<\/div>\n\t\t\t\t<div class=\"elementor-column elementor-col-66 elementor-top-column elementor-element elementor-element-074b10a\" data-id=\"074b10a\" data-element_type=\"column\" data-e-type=\"column\">\n\t\t\t<div class=\"elementor-widget-wrap elementor-element-populated\">\n\t\t\t\t\t\t<div class=\"elementor-element elementor-element-17645de elementor-widget elementor-widget-text-editor\" data-id=\"17645de\" data-element_type=\"widget\" data-e-type=\"widget\" data-widget_type=\"text-editor.default\">\n\t\t\t\t<div class=\"elementor-widget-container\">\n\t\t\t\t\t\t\t\t\t<ul><li aria-level=\"1\"><b>RASSEMBLER LES DIFF\u00c9RENTES PARTIES-PRENANTES POUR FAVORISER L&#8217;INNOVATION<br \/><\/b><\/li><\/ul><p>Mettre en relation les b\u00e9n\u00e9ficiaires, les chercheurs et les industriels est essentiel pour que les nouveaux produits d\u2019assistance arrivant sur le march\u00e9 correspondent r\u00e9ellement aux besoins du terrain. <span style=\"color: #465a61;\"><i>\u201cLes diff\u00e9rents acteurs devraient \u00eatre mis au c\u0153ur des d\u00e9cisions politiques, ainsi que des programmes de recherche et d\u2019innovation..\u201d\u00a0<\/i><\/span><i><br \/><\/i><\/p>\t\t\t\t\t\t\t\t<\/div>\n\t\t\t\t<\/div>\n\t\t\t\t\t<\/div>\n\t\t<\/div>\n\t\t\t\t\t<\/div>\n\t\t<\/section>\n\t\t\t\t<section class=\"elementor-section elementor-top-section elementor-element elementor-element-5e8b3cc elementor-section-boxed elementor-section-height-default elementor-section-height-default\" data-id=\"5e8b3cc\" data-element_type=\"section\" data-e-type=\"section\" data-settings=\"{&quot;jet_parallax_layout_list&quot;:[]}\">\n\t\t\t\t\t\t<div class=\"elementor-container elementor-column-gap-default\">\n\t\t\t\t\t<div class=\"elementor-column elementor-col-100 elementor-top-column elementor-element elementor-element-8b1325d\" data-id=\"8b1325d\" data-element_type=\"column\" data-e-type=\"column\">\n\t\t\t<div class=\"elementor-widget-wrap elementor-element-populated\">\n\t\t\t\t\t\t<div class=\"elementor-element elementor-element-92ef68a elementor-widget elementor-widget-spacer\" data-id=\"92ef68a\" data-element_type=\"widget\" data-e-type=\"widget\" data-widget_type=\"spacer.default\">\n\t\t\t\t<div class=\"elementor-widget-container\">\n\t\t\t\t\t\t\t<div class=\"elementor-spacer\">\n\t\t\t<div class=\"elementor-spacer-inner\"><\/div>\n\t\t<\/div>\n\t\t\t\t\t\t<\/div>\n\t\t\t\t<\/div>\n\t\t\t\t<div class=\"elementor-element elementor-element-70cf1b9 elementor-widget elementor-widget-heading\" data-id=\"70cf1b9\" data-element_type=\"widget\" data-e-type=\"widget\" data-widget_type=\"heading.default\">\n\t\t\t\t<div class=\"elementor-widget-container\">\n\t\t\t\t\t<h3 class=\"elementor-heading-title elementor-size-default\">\"LES TECHNOLOGIES D'ASSISTANCE CHANGENT LA VIE\"\n\n\n\n\n\n<\/h3>\t\t\t\t<\/div>\n\t\t\t\t<\/div>\n\t\t\t\t<div class=\"elementor-element elementor-element-fc8ba03 elementor-widget elementor-widget-text-editor\" data-id=\"fc8ba03\" data-element_type=\"widget\" data-e-type=\"widget\" data-widget_type=\"text-editor.default\">\n\t\t\t\t<div class=\"elementor-widget-container\">\n\t\t\t\t\t\t\t\t\t<p>Ces mots du Directeur g\u00e9n\u00e9ral de l\u2019OMS, le Dr Tedros Adhanom Ghebreyesus, appuient l\u2019id\u00e9e qui sous-tend le rapport : <b>au-del\u00e0 du soutien pratique qu\u2019apportent les aides techniques, elles sont<\/b> <b>un levier pour am\u00e9liorer l\u2019insertion sociale et professionnelle<\/b>. <span style=\"color: #465a61;\"><i>\u00ab En effet, elles permettent aux enfants atteints de d\u00e9ficiences d\u2019avoir acc\u00e8s \u00e0 l\u2019\u00e9ducation, aux adultes vivant avec un handicap d\u2019avoir un emploi et des interactions sociales, et aux personnes \u00e2g\u00e9es d\u2019\u00eatre ind\u00e9pendantes et de vivre dans la dignit\u00e9 \u00bb.<\/i><\/span><\/p><p>Catherine Russell, Directrice g\u00e9n\u00e9rale de l\u2019UNICEF, compl\u00e8te : <span style=\"color: #465a61;\"><i>\u00ab Pr\u00e8s de 240 millions d\u2019enfants sont handicap\u00e9s. Le fait de refuser aux enfants le droit d\u2019avoir acc\u00e8s aux produits dont ils ont besoin pour s\u2019\u00e9panouir nuit non seulement aux enfants, mais prive \u00e9galement les familles et leurs communaut\u00e9s de tout ce qu\u2019ils pourraient apporter si leurs besoins \u00e9taient satisfaits \u00bb.\u00a0<\/i><\/span><\/p><p>Il est incontestable qu\u2019<b>am\u00e9liorer l\u2019acc\u00e8s aux technologies d&#8217;assistance cr\u00e9e un cercle vertueux<\/b>. Les personnes \u00e9quip\u00e9es regagnent de l\u2019autonomie et peuvent s\u2019impliquer de mani\u00e8re plus active dans la vie publique ou professionnelle, ce qui a<b> des r\u00e9percussions positives pour l\u2019ensemble de la soci\u00e9t\u00e9<\/b>.<\/p><p>Le constat est donc clair et net mais ressemble beaucoup \u00e0 ce qui ressortait d\u00e9j\u00e0 du r<a href=\"https:\/\/www.unicef.fr\/sites\/default\/files\/userfiles\/rapport_mondial_handicap_oms_2012.pdf\" target=\"_blank\" rel=\"noopener\">apport sur le handicap produit par l\u2019OMS et la Banque mondiale en 2012<\/a>. Alors, <b>\u00e0 quand des actes et des avanc\u00e9es concr\u00e8tes ?<\/b><\/p>\t\t\t\t\t\t\t\t<\/div>\n\t\t\t\t<\/div>\n\t\t\t\t<div class=\"elementor-element elementor-element-22b5ab8 elementor-widget elementor-widget-spacer\" data-id=\"22b5ab8\" data-element_type=\"widget\" data-e-type=\"widget\" data-widget_type=\"spacer.default\">\n\t\t\t\t<div class=\"elementor-widget-container\">\n\t\t\t\t\t\t\t<div class=\"elementor-spacer\">\n\t\t\t<div class=\"elementor-spacer-inner\"><\/div>\n\t\t<\/div>\n\t\t\t\t\t\t<\/div>\n\t\t\t\t<\/div>\n\t\t\t\t\t<\/div>\n\t\t<\/div>\n\t\t\t\t\t<\/div>\n\t\t<\/section>\n\t\t\t\t<section class=\"elementor-section elementor-top-section elementor-element elementor-element-8b8ba83 elementor-section-boxed elementor-section-height-default elementor-section-height-default\" data-id=\"8b8ba83\" data-element_type=\"section\" data-e-type=\"section\" data-settings=\"{&quot;jet_parallax_layout_list&quot;:[]}\">\n\t\t\t\t\t\t<div class=\"elementor-container elementor-column-gap-default\">\n\t\t\t\t\t<div class=\"elementor-column elementor-col-100 elementor-top-column elementor-element elementor-element-2e88e9c\" data-id=\"2e88e9c\" data-element_type=\"column\" data-e-type=\"column\">\n\t\t\t<div class=\"elementor-widget-wrap elementor-element-populated\">\n\t\t\t\t\t\t<div class=\"elementor-element elementor-element-72dd8e5 elementor-widget elementor-widget-text-editor\" data-id=\"72dd8e5\" data-element_type=\"widget\" data-e-type=\"widget\" data-widget_type=\"text-editor.default\">\n\t\t\t\t<div class=\"elementor-widget-container\">\n\t\t\t\t\t\t\t\t\t<p><i><b>RESSOURCES :<\/b> <\/i><br \/>&#8211; Lire le rapport <a href=\"https:\/\/apps.who.int\/iris\/rest\/bitstreams\/1424204\/retrieve\" target=\"_blank\" rel=\"noopener\">\u201cGlobal Report on Assistive Technology\u201d<\/a> (english) &#8211; OMS<br \/>&#8211; <a href=\"https:\/\/www.who.int\/publications\/i\/item\/WHO-MHP-HPS-ATM-2022.01\" target=\"_blank\" rel=\"noopener\">Les indicateurs d\u2019acc\u00e8s aux technologies d\u2019assistance<\/a> (english) &#8211; OMS <br \/>&#8211; Notre article <a href=\"https:\/\/orthopus.com\/les-chiffres-du-handicap\/\" target=\"_blank\" rel=\"noopener\">\u201cCe que nous disent les chiffres du handicap dans le monde\u201d<\/a> (fran\u00e7ais)<br \/>&#8211; <a href=\"https:\/\/www.who.int\/publications\/i\" target=\"_blank\" rel=\"noopener\">Les publications de l\u2019OMS<\/a> sur le sujet (choisir cat\u00e9gorie \u201cassistive technology\u201d)<br \/>&#8211; <a href=\"https:\/\/www.who.int\/fr\/health-topics\/assistive-technology#tab=tab_1\" target=\"_blank\" rel=\"noopener\">Focus sur le terme \u201ctechnologies d\u2019assistance\u201d<\/a> (fran\u00e7ais)<\/p>\t\t\t\t\t\t\t\t<\/div>\n\t\t\t\t<\/div>\n\t\t\t\t\t<\/div>\n\t\t<\/div>\n\t\t\t\t\t<\/div>\n\t\t<\/section>\n\t\t\t\t<\/div>\n\t\t","protected":false},"excerpt":{"rendered":"<p>L\u2019OMS et l\u2019Unicef viennent de publier un rapport mondial sur les technologies d\u2019assistance au handicap. Fruit de 4 ann\u00e9es de travail pour r\u00e9colter les donn\u00e9es de 70 pays, il met en lumi\u00e8re les enjeux m\u00e9dicaux et sociaux autour de l\u2019acc\u00e8s aux aides techniques. Nous avons \u00e9pluch\u00e9 la centaine de pages du rapport pour vous r\u00e9sumer ce qu\u2019il faut en retenir. <\/p>\n","protected":false},"author":9,"featured_media":5662,"comment_status":"open","ping_status":"closed","sticky":false,"template":"","format":"standard","meta":{"_jet_sm_ready_style":"","_jet_sm_style":"","_jet_sm_controls_values":"","_jet_sm_fonts_collection":"","_jet_sm_fonts_links":"","footnotes":""},"categories":[140,229],"tags":[100,184,182,185],"class_list":["post-5661","post","type-post","status-publish","format-standard","has-post-thumbnail","hentry","category-ressource","category-sante-solidaire","tag-handicap","tag-oms","tag-rapport-mondial","tag-unicef"],"yoast_head":"<!-- This site is optimized with the Yoast SEO plugin v27.4 - https:\/\/yoast.com\/product\/yoast-seo-wordpress\/ -->\n<title>Ce qu\u2019il faut retenir du premier rapport mondial sur les technologies d\u2019assistance - ORTHOPUS<\/title>\n<meta name=\"description\" content=\"Analyse du rapport mondial autour de l\u2019acc\u00e8s aux technologies d\u2019assistance, publi\u00e9 par l&#039;OMS et l&#039;Unicef en mai 2022.\" \/>\n<meta name=\"robots\" content=\"index, follow, max-snippet:-1, max-image-preview:large, max-video-preview:-1\" \/>\n<link rel=\"canonical\" href=\"https:\/\/orthopus.com\/fr\/rapport-mondial-technologies-assistance\/\" \/>\n<meta property=\"og:locale\" content=\"fr_FR\" \/>\n<meta property=\"og:type\" content=\"article\" \/>\n<meta property=\"og:title\" content=\"Ce qu\u2019il faut retenir du premier rapport mondial sur les technologies d\u2019assistance - ORTHOPUS\" \/>\n<meta property=\"og:description\" content=\"Analyse du rapport mondial autour de l\u2019acc\u00e8s aux technologies d\u2019assistance, publi\u00e9 par l&#039;OMS et l&#039;Unicef en mai 2022.\" \/>\n<meta property=\"og:url\" content=\"https:\/\/orthopus.com\/fr\/rapport-mondial-technologies-assistance\/\" \/>\n<meta property=\"og:site_name\" content=\"ORTHOPUS\" \/>\n<meta property=\"article:published_time\" content=\"2022-06-13T15:41:44+00:00\" \/>\n<meta property=\"article:modified_time\" content=\"2023-02-28T15:46:26+00:00\" \/>\n<meta property=\"og:image\" content=\"https:\/\/orthopus.com\/wp-content\/uploads\/2022\/06\/basketball.tmb-1920v.jpg\" \/>\n\t<meta property=\"og:image:width\" content=\"1920\" \/>\n\t<meta property=\"og:image:height\" content=\"1410\" \/>\n\t<meta property=\"og:image:type\" content=\"image\/jpeg\" \/>\n<meta name=\"author\" content=\"Mona\" \/>\n<meta name=\"twitter:card\" content=\"summary_large_image\" \/>\n<meta name=\"twitter:label1\" content=\"\u00c9crit par\" \/>\n\t<meta name=\"twitter:data1\" content=\"Mona\" \/>\n\t<meta name=\"twitter:label2\" content=\"Dur\u00e9e de lecture estim\u00e9e\" \/>\n\t<meta name=\"twitter:data2\" content=\"6 minutes\" \/>\n<script type=\"application\/ld+json\" class=\"yoast-schema-graph\">{\"@context\":\"https:\\\/\\\/schema.org\",\"@graph\":[{\"@type\":\"Article\",\"@id\":\"https:\\\/\\\/orthopus.com\\\/fr\\\/rapport-mondial-technologies-assistance\\\/#article\",\"isPartOf\":{\"@id\":\"https:\\\/\\\/orthopus.com\\\/fr\\\/rapport-mondial-technologies-assistance\\\/\"},\"author\":{\"name\":\"Mona\",\"@id\":\"https:\\\/\\\/orthopus.com\\\/#\\\/schema\\\/person\\\/8441a77cd59009919fdd8fbf3264c72e\"},\"headline\":\"Ce qu\u2019il faut retenir du premier rapport mondial sur les technologies d\u2019assistance\",\"datePublished\":\"2022-06-13T15:41:44+00:00\",\"dateModified\":\"2023-02-28T15:46:26+00:00\",\"mainEntityOfPage\":{\"@id\":\"https:\\\/\\\/orthopus.com\\\/fr\\\/rapport-mondial-technologies-assistance\\\/\"},\"wordCount\":1362,\"commentCount\":0,\"publisher\":{\"@id\":\"https:\\\/\\\/orthopus.com\\\/#organization\"},\"image\":{\"@id\":\"https:\\\/\\\/orthopus.com\\\/fr\\\/rapport-mondial-technologies-assistance\\\/#primaryimage\"},\"thumbnailUrl\":\"https:\\\/\\\/orthopus.com\\\/wp-content\\\/uploads\\\/2022\\\/06\\\/basketball.tmb-1920v.jpg\",\"keywords\":[\"handicap\",\"OMS\",\"rapport mondial\",\"Unicef\"],\"articleSection\":[\"Ressource\",\"Sant\u00e9 solidaire\"],\"inLanguage\":\"fr-FR\",\"potentialAction\":[{\"@type\":\"CommentAction\",\"name\":\"Comment\",\"target\":[\"https:\\\/\\\/orthopus.com\\\/fr\\\/rapport-mondial-technologies-assistance\\\/#respond\"]}]},{\"@type\":\"WebPage\",\"@id\":\"https:\\\/\\\/orthopus.com\\\/fr\\\/rapport-mondial-technologies-assistance\\\/\",\"url\":\"https:\\\/\\\/orthopus.com\\\/fr\\\/rapport-mondial-technologies-assistance\\\/\",\"name\":\"Ce qu\u2019il faut retenir du premier rapport mondial sur les technologies d\u2019assistance - ORTHOPUS\",\"isPartOf\":{\"@id\":\"https:\\\/\\\/orthopus.com\\\/#website\"},\"primaryImageOfPage\":{\"@id\":\"https:\\\/\\\/orthopus.com\\\/fr\\\/rapport-mondial-technologies-assistance\\\/#primaryimage\"},\"image\":{\"@id\":\"https:\\\/\\\/orthopus.com\\\/fr\\\/rapport-mondial-technologies-assistance\\\/#primaryimage\"},\"thumbnailUrl\":\"https:\\\/\\\/orthopus.com\\\/wp-content\\\/uploads\\\/2022\\\/06\\\/basketball.tmb-1920v.jpg\",\"datePublished\":\"2022-06-13T15:41:44+00:00\",\"dateModified\":\"2023-02-28T15:46:26+00:00\",\"description\":\"Analyse du rapport mondial autour de l\u2019acc\u00e8s aux technologies d\u2019assistance, publi\u00e9 par l'OMS et l'Unicef en mai 2022.\",\"breadcrumb\":{\"@id\":\"https:\\\/\\\/orthopus.com\\\/fr\\\/rapport-mondial-technologies-assistance\\\/#breadcrumb\"},\"inLanguage\":\"fr-FR\",\"potentialAction\":[{\"@type\":\"ReadAction\",\"target\":[\"https:\\\/\\\/orthopus.com\\\/fr\\\/rapport-mondial-technologies-assistance\\\/\"]}]},{\"@type\":\"ImageObject\",\"inLanguage\":\"fr-FR\",\"@id\":\"https:\\\/\\\/orthopus.com\\\/fr\\\/rapport-mondial-technologies-assistance\\\/#primaryimage\",\"url\":\"https:\\\/\\\/orthopus.com\\\/wp-content\\\/uploads\\\/2022\\\/06\\\/basketball.tmb-1920v.jpg\",\"contentUrl\":\"https:\\\/\\\/orthopus.com\\\/wp-content\\\/uploads\\\/2022\\\/06\\\/basketball.tmb-1920v.jpg\",\"width\":1920,\"height\":1410},{\"@type\":\"BreadcrumbList\",\"@id\":\"https:\\\/\\\/orthopus.com\\\/fr\\\/rapport-mondial-technologies-assistance\\\/#breadcrumb\",\"itemListElement\":[{\"@type\":\"ListItem\",\"position\":1,\"name\":\"Accueil\",\"item\":\"https:\\\/\\\/orthopus.com\\\/fr\\\/\"},{\"@type\":\"ListItem\",\"position\":2,\"name\":\"Ce qu\u2019il faut retenir du premier rapport mondial sur les technologies d\u2019assistance\"}]},{\"@type\":\"WebSite\",\"@id\":\"https:\\\/\\\/orthopus.com\\\/#website\",\"url\":\"https:\\\/\\\/orthopus.com\\\/\",\"name\":\"ORTHOPUS\",\"description\":\"Handitech solutions for everyone\",\"publisher\":{\"@id\":\"https:\\\/\\\/orthopus.com\\\/#organization\"},\"potentialAction\":[{\"@type\":\"SearchAction\",\"target\":{\"@type\":\"EntryPoint\",\"urlTemplate\":\"https:\\\/\\\/orthopus.com\\\/?s={search_term_string}\"},\"query-input\":{\"@type\":\"PropertyValueSpecification\",\"valueRequired\":true,\"valueName\":\"search_term_string\"}}],\"inLanguage\":\"fr-FR\"},{\"@type\":\"Organization\",\"@id\":\"https:\\\/\\\/orthopus.com\\\/#organization\",\"name\":\"ORTHOPUS\",\"url\":\"https:\\\/\\\/orthopus.com\\\/\",\"logo\":{\"@type\":\"ImageObject\",\"inLanguage\":\"fr-FR\",\"@id\":\"https:\\\/\\\/orthopus.com\\\/#\\\/schema\\\/logo\\\/image\\\/\",\"url\":\"https:\\\/\\\/orthopus.com\\\/wp-content\\\/uploads\\\/2020\\\/04\\\/Logo-ORTHOPUS-support-de-bras-personnalisable.png\",\"contentUrl\":\"https:\\\/\\\/orthopus.com\\\/wp-content\\\/uploads\\\/2020\\\/04\\\/Logo-ORTHOPUS-support-de-bras-personnalisable.png\",\"width\":416,\"height\":98,\"caption\":\"ORTHOPUS\"},\"image\":{\"@id\":\"https:\\\/\\\/orthopus.com\\\/#\\\/schema\\\/logo\\\/image\\\/\"}},{\"@type\":\"Person\",\"@id\":\"https:\\\/\\\/orthopus.com\\\/#\\\/schema\\\/person\\\/8441a77cd59009919fdd8fbf3264c72e\",\"name\":\"Mona\",\"image\":{\"@type\":\"ImageObject\",\"inLanguage\":\"fr-FR\",\"@id\":\"https:\\\/\\\/secure.gravatar.com\\\/avatar\\\/b5b462af4cf5722fbd017ef55b474709ff34d6030941c8c793bf9edf5d82b670?s=96&d=mm&r=g\",\"url\":\"https:\\\/\\\/secure.gravatar.com\\\/avatar\\\/b5b462af4cf5722fbd017ef55b474709ff34d6030941c8c793bf9edf5d82b670?s=96&d=mm&r=g\",\"contentUrl\":\"https:\\\/\\\/secure.gravatar.com\\\/avatar\\\/b5b462af4cf5722fbd017ef55b474709ff34d6030941c8c793bf9edf5d82b670?s=96&d=mm&r=g\",\"caption\":\"Mona\"},\"description\":\"Sp\u00e9cialis\u00e9e dans la culture scientifique et technique depuis dix ans, Mona a une exp\u00e9rience au croisement de l\u2019\u00e9conomie sociale et solidaire, de la fabrication num\u00e9rique et du monde des fablabs. Ses comp\u00e9tences vont de la communication transmedia, \u00e0 l\u2019animation de communaut\u00e9s en passant par l\u2019\u00e9v\u00e9nementiel. Chez ORTHOPUS, elle met en \u0153uvre et anime la strat\u00e9gie communication et marketing.\",\"url\":\"https:\\\/\\\/orthopus.com\\\/fr\\\/author\\\/mona\\\/\"}]}<\/script>\n<!-- \/ Yoast SEO plugin. -->","yoast_head_json":{"title":"Ce qu\u2019il faut retenir du premier rapport mondial sur les technologies d\u2019assistance - ORTHOPUS","description":"Analyse du rapport mondial autour de l\u2019acc\u00e8s aux technologies d\u2019assistance, publi\u00e9 par l'OMS et l'Unicef en mai 2022.","robots":{"index":"index","follow":"follow","max-snippet":"max-snippet:-1","max-image-preview":"max-image-preview:large","max-video-preview":"max-video-preview:-1"},"canonical":"https:\/\/orthopus.com\/fr\/rapport-mondial-technologies-assistance\/","og_locale":"fr_FR","og_type":"article","og_title":"Ce qu\u2019il faut retenir du premier rapport mondial sur les technologies d\u2019assistance - ORTHOPUS","og_description":"Analyse du rapport mondial autour de l\u2019acc\u00e8s aux technologies d\u2019assistance, publi\u00e9 par l'OMS et l'Unicef en mai 2022.","og_url":"https:\/\/orthopus.com\/fr\/rapport-mondial-technologies-assistance\/","og_site_name":"ORTHOPUS","article_published_time":"2022-06-13T15:41:44+00:00","article_modified_time":"2023-02-28T15:46:26+00:00","og_image":[{"width":1920,"height":1410,"url":"https:\/\/orthopus.com\/wp-content\/uploads\/2022\/06\/basketball.tmb-1920v.jpg","type":"image\/jpeg"}],"author":"Mona","twitter_card":"summary_large_image","twitter_misc":{"\u00c9crit par":"Mona","Dur\u00e9e de lecture estim\u00e9e":"6 minutes"},"schema":{"@context":"https:\/\/schema.org","@graph":[{"@type":"Article","@id":"https:\/\/orthopus.com\/fr\/rapport-mondial-technologies-assistance\/#article","isPartOf":{"@id":"https:\/\/orthopus.com\/fr\/rapport-mondial-technologies-assistance\/"},"author":{"name":"Mona","@id":"https:\/\/orthopus.com\/#\/schema\/person\/8441a77cd59009919fdd8fbf3264c72e"},"headline":"Ce qu\u2019il faut retenir du premier rapport mondial sur les technologies d\u2019assistance","datePublished":"2022-06-13T15:41:44+00:00","dateModified":"2023-02-28T15:46:26+00:00","mainEntityOfPage":{"@id":"https:\/\/orthopus.com\/fr\/rapport-mondial-technologies-assistance\/"},"wordCount":1362,"commentCount":0,"publisher":{"@id":"https:\/\/orthopus.com\/#organization"},"image":{"@id":"https:\/\/orthopus.com\/fr\/rapport-mondial-technologies-assistance\/#primaryimage"},"thumbnailUrl":"https:\/\/orthopus.com\/wp-content\/uploads\/2022\/06\/basketball.tmb-1920v.jpg","keywords":["handicap","OMS","rapport mondial","Unicef"],"articleSection":["Ressource","Sant\u00e9 solidaire"],"inLanguage":"fr-FR","potentialAction":[{"@type":"CommentAction","name":"Comment","target":["https:\/\/orthopus.com\/fr\/rapport-mondial-technologies-assistance\/#respond"]}]},{"@type":"WebPage","@id":"https:\/\/orthopus.com\/fr\/rapport-mondial-technologies-assistance\/","url":"https:\/\/orthopus.com\/fr\/rapport-mondial-technologies-assistance\/","name":"Ce qu\u2019il faut retenir du premier rapport mondial sur les technologies d\u2019assistance - ORTHOPUS","isPartOf":{"@id":"https:\/\/orthopus.com\/#website"},"primaryImageOfPage":{"@id":"https:\/\/orthopus.com\/fr\/rapport-mondial-technologies-assistance\/#primaryimage"},"image":{"@id":"https:\/\/orthopus.com\/fr\/rapport-mondial-technologies-assistance\/#primaryimage"},"thumbnailUrl":"https:\/\/orthopus.com\/wp-content\/uploads\/2022\/06\/basketball.tmb-1920v.jpg","datePublished":"2022-06-13T15:41:44+00:00","dateModified":"2023-02-28T15:46:26+00:00","description":"Analyse du rapport mondial autour de l\u2019acc\u00e8s aux technologies d\u2019assistance, publi\u00e9 par l'OMS et l'Unicef en mai 2022.","breadcrumb":{"@id":"https:\/\/orthopus.com\/fr\/rapport-mondial-technologies-assistance\/#breadcrumb"},"inLanguage":"fr-FR","potentialAction":[{"@type":"ReadAction","target":["https:\/\/orthopus.com\/fr\/rapport-mondial-technologies-assistance\/"]}]},{"@type":"ImageObject","inLanguage":"fr-FR","@id":"https:\/\/orthopus.com\/fr\/rapport-mondial-technologies-assistance\/#primaryimage","url":"https:\/\/orthopus.com\/wp-content\/uploads\/2022\/06\/basketball.tmb-1920v.jpg","contentUrl":"https:\/\/orthopus.com\/wp-content\/uploads\/2022\/06\/basketball.tmb-1920v.jpg","width":1920,"height":1410},{"@type":"BreadcrumbList","@id":"https:\/\/orthopus.com\/fr\/rapport-mondial-technologies-assistance\/#breadcrumb","itemListElement":[{"@type":"ListItem","position":1,"name":"Accueil","item":"https:\/\/orthopus.com\/fr\/"},{"@type":"ListItem","position":2,"name":"Ce qu\u2019il faut retenir du premier rapport mondial sur les technologies d\u2019assistance"}]},{"@type":"WebSite","@id":"https:\/\/orthopus.com\/#website","url":"https:\/\/orthopus.com\/","name":"ORTHOPUS","description":"Handitech solutions for everyone","publisher":{"@id":"https:\/\/orthopus.com\/#organization"},"potentialAction":[{"@type":"SearchAction","target":{"@type":"EntryPoint","urlTemplate":"https:\/\/orthopus.com\/?s={search_term_string}"},"query-input":{"@type":"PropertyValueSpecification","valueRequired":true,"valueName":"search_term_string"}}],"inLanguage":"fr-FR"},{"@type":"Organization","@id":"https:\/\/orthopus.com\/#organization","name":"ORTHOPUS","url":"https:\/\/orthopus.com\/","logo":{"@type":"ImageObject","inLanguage":"fr-FR","@id":"https:\/\/orthopus.com\/#\/schema\/logo\/image\/","url":"https:\/\/orthopus.com\/wp-content\/uploads\/2020\/04\/Logo-ORTHOPUS-support-de-bras-personnalisable.png","contentUrl":"https:\/\/orthopus.com\/wp-content\/uploads\/2020\/04\/Logo-ORTHOPUS-support-de-bras-personnalisable.png","width":416,"height":98,"caption":"ORTHOPUS"},"image":{"@id":"https:\/\/orthopus.com\/#\/schema\/logo\/image\/"}},{"@type":"Person","@id":"https:\/\/orthopus.com\/#\/schema\/person\/8441a77cd59009919fdd8fbf3264c72e","name":"Mona","image":{"@type":"ImageObject","inLanguage":"fr-FR","@id":"https:\/\/secure.gravatar.com\/avatar\/b5b462af4cf5722fbd017ef55b474709ff34d6030941c8c793bf9edf5d82b670?s=96&d=mm&r=g","url":"https:\/\/secure.gravatar.com\/avatar\/b5b462af4cf5722fbd017ef55b474709ff34d6030941c8c793bf9edf5d82b670?s=96&d=mm&r=g","contentUrl":"https:\/\/secure.gravatar.com\/avatar\/b5b462af4cf5722fbd017ef55b474709ff34d6030941c8c793bf9edf5d82b670?s=96&d=mm&r=g","caption":"Mona"},"description":"Sp\u00e9cialis\u00e9e dans la culture scientifique et technique depuis dix ans, Mona a une exp\u00e9rience au croisement de l\u2019\u00e9conomie sociale et solidaire, de la fabrication num\u00e9rique et du monde des fablabs. Ses comp\u00e9tences vont de la communication transmedia, \u00e0 l\u2019animation de communaut\u00e9s en passant par l\u2019\u00e9v\u00e9nementiel. Chez ORTHOPUS, elle met en \u0153uvre et anime la strat\u00e9gie communication et marketing.","url":"https:\/\/orthopus.com\/fr\/author\/mona\/"}]}},"_links":{"self":[{"href":"https:\/\/orthopus.com\/fr\/wp-json\/wp\/v2\/posts\/5661","targetHints":{"allow":["GET"]}}],"collection":[{"href":"https:\/\/orthopus.com\/fr\/wp-json\/wp\/v2\/posts"}],"about":[{"href":"https:\/\/orthopus.com\/fr\/wp-json\/wp\/v2\/types\/post"}],"author":[{"embeddable":true,"href":"https:\/\/orthopus.com\/fr\/wp-json\/wp\/v2\/users\/9"}],"replies":[{"embeddable":true,"href":"https:\/\/orthopus.com\/fr\/wp-json\/wp\/v2\/comments?post=5661"}],"version-history":[{"count":17,"href":"https:\/\/orthopus.com\/fr\/wp-json\/wp\/v2\/posts\/5661\/revisions"}],"predecessor-version":[{"id":7129,"href":"https:\/\/orthopus.com\/fr\/wp-json\/wp\/v2\/posts\/5661\/revisions\/7129"}],"wp:featuredmedia":[{"embeddable":true,"href":"https:\/\/orthopus.com\/fr\/wp-json\/wp\/v2\/media\/5662"}],"wp:attachment":[{"href":"https:\/\/orthopus.com\/fr\/wp-json\/wp\/v2\/media?parent=5661"}],"wp:term":[{"taxonomy":"category","embeddable":true,"href":"https:\/\/orthopus.com\/fr\/wp-json\/wp\/v2\/categories?post=5661"},{"taxonomy":"post_tag","embeddable":true,"href":"https:\/\/orthopus.com\/fr\/wp-json\/wp\/v2\/tags?post=5661"}],"curies":[{"name":"wp","href":"https:\/\/api.w.org\/{rel}","templated":true}]}}