{"id":4541,"date":"2022-02-02T10:05:27","date_gmt":"2022-02-02T09:05:27","guid":{"rendered":"https:\/\/orthopus.com\/?p=4541"},"modified":"2023-02-28T16:47:03","modified_gmt":"2023-02-28T15:47:03","slug":"metier-ergotherapeute","status":"publish","type":"post","link":"https:\/\/orthopus.com\/fr\/metier-ergotherapeute\/","title":{"rendered":"L\u2019ergoth\u00e9rapeute : un professionnel au c\u0153ur de l\u2019accompagnement du handicap"},"content":{"rendered":"\t\t<div data-elementor-type=\"wp-post\" data-elementor-id=\"4541\" class=\"elementor elementor-4541\" data-elementor-post-type=\"post\">\n\t\t\t\t\t\t<section class=\"elementor-section elementor-top-section elementor-element elementor-element-004da3b elementor-section-boxed elementor-section-height-default elementor-section-height-default\" data-id=\"004da3b\" data-element_type=\"section\" data-e-type=\"section\" data-settings=\"{&quot;jet_parallax_layout_list&quot;:[{&quot;jet_parallax_layout_image&quot;:{&quot;url&quot;:&quot;&quot;,&quot;id&quot;:&quot;&quot;,&quot;size&quot;:&quot;&quot;},&quot;_id&quot;:&quot;7b4bb6b&quot;,&quot;jet_parallax_layout_image_tablet&quot;:{&quot;url&quot;:&quot;&quot;,&quot;id&quot;:&quot;&quot;,&quot;size&quot;:&quot;&quot;},&quot;jet_parallax_layout_image_mobile&quot;:{&quot;url&quot;:&quot;&quot;,&quot;id&quot;:&quot;&quot;,&quot;size&quot;:&quot;&quot;},&quot;jet_parallax_layout_speed&quot;:{&quot;unit&quot;:&quot;%&quot;,&quot;size&quot;:50,&quot;sizes&quot;:[]},&quot;jet_parallax_layout_type&quot;:&quot;scroll&quot;,&quot;jet_parallax_layout_direction&quot;:&quot;1&quot;,&quot;jet_parallax_layout_fx_direction&quot;:null,&quot;jet_parallax_layout_z_index&quot;:&quot;&quot;,&quot;jet_parallax_layout_bg_x&quot;:50,&quot;jet_parallax_layout_bg_x_tablet&quot;:&quot;&quot;,&quot;jet_parallax_layout_bg_x_mobile&quot;:&quot;&quot;,&quot;jet_parallax_layout_bg_y&quot;:50,&quot;jet_parallax_layout_bg_y_tablet&quot;:&quot;&quot;,&quot;jet_parallax_layout_bg_y_mobile&quot;:&quot;&quot;,&quot;jet_parallax_layout_bg_size&quot;:&quot;auto&quot;,&quot;jet_parallax_layout_bg_size_tablet&quot;:&quot;&quot;,&quot;jet_parallax_layout_bg_size_mobile&quot;:&quot;&quot;,&quot;jet_parallax_layout_animation_prop&quot;:&quot;transform&quot;,&quot;jet_parallax_layout_on&quot;:[&quot;desktop&quot;,&quot;tablet&quot;]}]}\">\n\t\t\t\t\t\t<div class=\"elementor-container elementor-column-gap-default\">\n\t\t\t\t\t<div class=\"elementor-column elementor-col-100 elementor-top-column elementor-element elementor-element-50b5d60\" data-id=\"50b5d60\" data-element_type=\"column\" data-e-type=\"column\">\n\t\t\t<div class=\"elementor-widget-wrap elementor-element-populated\">\n\t\t\t\t\t\t<div class=\"elementor-element elementor-element-0455e50 elementor-widget elementor-widget-text-editor\" data-id=\"0455e50\" data-element_type=\"widget\" data-e-type=\"widget\" data-widget_type=\"text-editor.default\">\n\t\t\t\t<div class=\"elementor-widget-container\">\n\t\t\t\t\t\t\t\t\t<p><strong>Quel est le r\u00f4le d&#8217;un ergoth\u00e9rapeute dans le parcours de r\u00e9\u00e9ducation d&#8217;un patient ? Comment la fabrication num\u00e9rique fait \u00e9voluer la profession ? Pr\u00e9sentation de ce m\u00e9tier au service de l&#8217;autonomie.<br \/><\/strong><\/p>\t\t\t\t\t\t\t\t<\/div>\n\t\t\t\t<\/div>\n\t\t\t\t<div class=\"elementor-element elementor-element-2c784ae elementor-widget elementor-widget-text-editor\" data-id=\"2c784ae\" data-element_type=\"widget\" data-e-type=\"widget\" data-widget_type=\"text-editor.default\">\n\t\t\t\t<div class=\"elementor-widget-container\">\n\t\t\t\t\t\t\t\t\t<p>Les ergoth\u00e9rapeutes sont des professionnels de sant\u00e9 qui ont pour mission d<strong>\u2019apporter de l\u2019autonomie dans le quotidien des personnes en situation de handicap<\/strong>. Ils sont pr\u00e9sents tout au long du parcours patient et interviennent sur prescription d\u2019un m\u00e9decin, le plus souvent sp\u00e9cialis\u00e9 en m\u00e9decine physique de r\u00e9adaptation (MPR). Les deux professionnels travaillent d\u2019ailleurs souvent main dans la main dans des centres de Soins de Suite et de R\u00e9adaptation (<a href=\"https:\/\/solidarites-sante.gouv.fr\/soins-et-maladies\/prises-en-charge-specialisees\/ssr\" target=\"_blank\" rel=\"noopener\">SSR<\/a>) ou dans des CHU. Les ergoth\u00e9rapeutes exercent \u00e9galement dans des centres m\u00e9dicaux sociaux (<a href=\"https:\/\/www.enfant-different.org\/services-et-etablissements\/les-instituts-medico-educatifs\" target=\"_blank\" rel=\"noopener\">IME<\/a>, <a href=\"https:\/\/www.ac-reims.fr\/qu-est-ce-qu-un-sessad-service-d-education-speciale-et-de-soins-a-domicile-121610\" target=\"_blank\" rel=\"noopener\">SESSAD<\/a>, <a href=\"http:\/\/www.mdph13.fr\/demarches\/Pages\/IEM.aspx\" target=\"_blank\" rel=\"noopener\">IEM<\/a>, \u2026), des lieux de vie (<a href=\"https:\/\/www.service-public.fr\/particuliers\/vosdroits\/F15255\" target=\"_blank\" rel=\"noopener\">FAM<\/a>, <a href=\"https:\/\/www.service-public.fr\/particuliers\/vosdroits\/F2006\" target=\"_blank\" rel=\"noopener\">MAS<\/a>, \u2026) et en lib\u00e9ral.<\/p>\t\t\t\t\t\t\t\t<\/div>\n\t\t\t\t<\/div>\n\t\t\t\t<div class=\"elementor-element elementor-element-25482b0 elementor-widget elementor-widget-text-editor\" data-id=\"25482b0\" data-element_type=\"widget\" data-e-type=\"widget\" data-widget_type=\"text-editor.default\">\n\t\t\t\t<div class=\"elementor-widget-container\">\n\t\t\t\t\t\t\t\t\t<p style=\"text-align: center;\"><i>\u201c<\/i><i><big>Une profession qui s&#8217;occupe de la promotion de la sant\u00e9<br \/><\/big><\/i><i><big>et du bien-\u00eatre par l&#8217;occupation\u201d<\/big><br \/>D\u00e9finition de l\u2019ergoth\u00e9rapie par l\u2019<a href=\"https:\/\/anfe.fr\/\" target=\"_blank\" rel=\"noopener\">Association Nationale Fran\u00e7aise des Ergoth\u00e9rapeutes<\/a><br \/><\/i><\/p>\t\t\t\t\t\t\t\t<\/div>\n\t\t\t\t<\/div>\n\t\t\t\t\t<\/div>\n\t\t<\/div>\n\t\t\t\t\t<\/div>\n\t\t<\/section>\n\t\t\t\t<section class=\"elementor-section elementor-top-section elementor-element elementor-element-9acd44a elementor-section-boxed elementor-section-height-default elementor-section-height-default\" data-id=\"9acd44a\" data-element_type=\"section\" data-e-type=\"section\" data-settings=\"{&quot;jet_parallax_layout_list&quot;:[{&quot;jet_parallax_layout_image&quot;:{&quot;url&quot;:&quot;&quot;,&quot;id&quot;:&quot;&quot;,&quot;size&quot;:&quot;&quot;},&quot;_id&quot;:&quot;ec2c78b&quot;,&quot;jet_parallax_layout_image_tablet&quot;:{&quot;url&quot;:&quot;&quot;,&quot;id&quot;:&quot;&quot;,&quot;size&quot;:&quot;&quot;},&quot;jet_parallax_layout_image_mobile&quot;:{&quot;url&quot;:&quot;&quot;,&quot;id&quot;:&quot;&quot;,&quot;size&quot;:&quot;&quot;},&quot;jet_parallax_layout_speed&quot;:{&quot;unit&quot;:&quot;%&quot;,&quot;size&quot;:50,&quot;sizes&quot;:[]},&quot;jet_parallax_layout_type&quot;:&quot;scroll&quot;,&quot;jet_parallax_layout_direction&quot;:&quot;1&quot;,&quot;jet_parallax_layout_fx_direction&quot;:null,&quot;jet_parallax_layout_z_index&quot;:&quot;&quot;,&quot;jet_parallax_layout_bg_x&quot;:50,&quot;jet_parallax_layout_bg_x_tablet&quot;:&quot;&quot;,&quot;jet_parallax_layout_bg_x_mobile&quot;:&quot;&quot;,&quot;jet_parallax_layout_bg_y&quot;:50,&quot;jet_parallax_layout_bg_y_tablet&quot;:&quot;&quot;,&quot;jet_parallax_layout_bg_y_mobile&quot;:&quot;&quot;,&quot;jet_parallax_layout_bg_size&quot;:&quot;auto&quot;,&quot;jet_parallax_layout_bg_size_tablet&quot;:&quot;&quot;,&quot;jet_parallax_layout_bg_size_mobile&quot;:&quot;&quot;,&quot;jet_parallax_layout_animation_prop&quot;:&quot;transform&quot;,&quot;jet_parallax_layout_on&quot;:[&quot;desktop&quot;,&quot;tablet&quot;]}]}\">\n\t\t\t\t\t\t<div class=\"elementor-container elementor-column-gap-default\">\n\t\t\t\t\t<div class=\"elementor-column elementor-col-100 elementor-top-column elementor-element elementor-element-4f0eab9\" data-id=\"4f0eab9\" data-element_type=\"column\" data-e-type=\"column\" data-settings=\"{&quot;background_background&quot;:&quot;classic&quot;}\">\n\t\t\t<div class=\"elementor-widget-wrap elementor-element-populated\">\n\t\t\t\t\t\t<div class=\"elementor-element elementor-element-8f38b9a elementor-widget elementor-widget-text-editor\" data-id=\"8f38b9a\" data-element_type=\"widget\" data-e-type=\"widget\" data-widget_type=\"text-editor.default\">\n\t\t\t\t<div class=\"elementor-widget-container\">\n\t\t\t\t\t\t\t\t\t<p><strong>En 2021 la France comptait <\/strong><a href=\"https:\/\/anfe.fr\/qu_est_ce_que_l_ergotherapie\/\" target=\"_blank\" rel=\"noopener\"><b>14 548 ergoth\u00e9rapeutes<\/b><\/a><b> <\/b><a href=\"https:\/\/anfe.fr\/qu_est_ce_que_l_ergotherapie\/\" target=\"_blank\" rel=\"noopener\"><span style=\"font-weight: 400;\">dont<strong> 8<\/strong><\/span><b>7% de femmes.<\/b><\/a><b><\/b><\/p>\t\t\t\t\t\t\t\t<\/div>\n\t\t\t\t<\/div>\n\t\t\t\t\t<\/div>\n\t\t<\/div>\n\t\t\t\t\t<\/div>\n\t\t<\/section>\n\t\t\t\t<section class=\"elementor-section elementor-top-section elementor-element elementor-element-83ca1f5 elementor-section-boxed elementor-section-height-default elementor-section-height-default\" data-id=\"83ca1f5\" data-element_type=\"section\" data-e-type=\"section\" data-settings=\"{&quot;jet_parallax_layout_list&quot;:[{&quot;jet_parallax_layout_image&quot;:{&quot;url&quot;:&quot;&quot;,&quot;id&quot;:&quot;&quot;,&quot;size&quot;:&quot;&quot;},&quot;_id&quot;:&quot;184f8bc&quot;,&quot;jet_parallax_layout_image_tablet&quot;:{&quot;url&quot;:&quot;&quot;,&quot;id&quot;:&quot;&quot;,&quot;size&quot;:&quot;&quot;},&quot;jet_parallax_layout_image_mobile&quot;:{&quot;url&quot;:&quot;&quot;,&quot;id&quot;:&quot;&quot;,&quot;size&quot;:&quot;&quot;},&quot;jet_parallax_layout_speed&quot;:{&quot;unit&quot;:&quot;%&quot;,&quot;size&quot;:50,&quot;sizes&quot;:[]},&quot;jet_parallax_layout_type&quot;:&quot;scroll&quot;,&quot;jet_parallax_layout_direction&quot;:&quot;1&quot;,&quot;jet_parallax_layout_fx_direction&quot;:null,&quot;jet_parallax_layout_z_index&quot;:&quot;&quot;,&quot;jet_parallax_layout_bg_x&quot;:50,&quot;jet_parallax_layout_bg_x_tablet&quot;:&quot;&quot;,&quot;jet_parallax_layout_bg_x_mobile&quot;:&quot;&quot;,&quot;jet_parallax_layout_bg_y&quot;:50,&quot;jet_parallax_layout_bg_y_tablet&quot;:&quot;&quot;,&quot;jet_parallax_layout_bg_y_mobile&quot;:&quot;&quot;,&quot;jet_parallax_layout_bg_size&quot;:&quot;auto&quot;,&quot;jet_parallax_layout_bg_size_tablet&quot;:&quot;&quot;,&quot;jet_parallax_layout_bg_size_mobile&quot;:&quot;&quot;,&quot;jet_parallax_layout_animation_prop&quot;:&quot;transform&quot;,&quot;jet_parallax_layout_on&quot;:[&quot;desktop&quot;,&quot;tablet&quot;]}]}\">\n\t\t\t\t\t\t<div class=\"elementor-container elementor-column-gap-default\">\n\t\t\t\t\t<div class=\"elementor-column elementor-col-100 elementor-top-column elementor-element elementor-element-3fd47f0\" data-id=\"3fd47f0\" data-element_type=\"column\" data-e-type=\"column\">\n\t\t\t<div class=\"elementor-widget-wrap elementor-element-populated\">\n\t\t\t\t\t\t<div class=\"elementor-element elementor-element-9295d29 elementor-widget elementor-widget-spacer\" data-id=\"9295d29\" data-element_type=\"widget\" data-e-type=\"widget\" data-widget_type=\"spacer.default\">\n\t\t\t\t<div class=\"elementor-widget-container\">\n\t\t\t\t\t\t\t<div class=\"elementor-spacer\">\n\t\t\t<div class=\"elementor-spacer-inner\"><\/div>\n\t\t<\/div>\n\t\t\t\t\t\t<\/div>\n\t\t\t\t<\/div>\n\t\t\t\t<div class=\"elementor-element elementor-element-ace902b elementor-widget elementor-widget-heading\" data-id=\"ace902b\" data-element_type=\"widget\" data-e-type=\"widget\" data-widget_type=\"heading.default\">\n\t\t\t\t<div class=\"elementor-widget-container\">\n\t\t\t\t\t<h2 class=\"elementor-heading-title elementor-size-default\">Un professionnel au service de l'autonomie tout au long de la vie<\/h2>\t\t\t\t<\/div>\n\t\t\t\t<\/div>\n\t\t\t\t<div class=\"elementor-element elementor-element-0466834 elementor-widget elementor-widget-text-editor\" data-id=\"0466834\" data-element_type=\"widget\" data-e-type=\"widget\" data-widget_type=\"text-editor.default\">\n\t\t\t\t<div class=\"elementor-widget-container\">\n\t\t\t\t\t\t\t\t\t<p><span style=\"font-weight: 400;\">Aux diff\u00e9rents \u00e2ges de la vie, apr\u00e8s un accident, une blessure, pour le suivi d\u2019une pathologie, ou pour les troubles de l\u2019apprentissage de l\u2019enfant<strong> : tout le monde pourrait \u00eatre amen\u00e9 \u00e0 consulter un ergoth\u00e9rapeute<\/strong>.<\/span><\/p><p><span style=\"font-weight: 400;\">Dans le but d\u2019apporter de l\u2019ind\u00e9pendance et de l\u2019autonomie, l\u2019ergoth\u00e9rapeute prend en charge ses patients \u00e0 3 niveaux diff\u00e9rents : <\/span><\/p>\t\t\t\t\t\t\t\t<\/div>\n\t\t\t\t<\/div>\n\t\t\t\t<section class=\"elementor-section elementor-inner-section elementor-element elementor-element-b2abb90 elementor-section-boxed elementor-section-height-default elementor-section-height-default\" data-id=\"b2abb90\" data-element_type=\"section\" data-e-type=\"section\" data-settings=\"{&quot;jet_parallax_layout_list&quot;:[{&quot;jet_parallax_layout_image&quot;:{&quot;url&quot;:&quot;&quot;,&quot;id&quot;:&quot;&quot;,&quot;size&quot;:&quot;&quot;},&quot;_id&quot;:&quot;02daac8&quot;,&quot;jet_parallax_layout_image_tablet&quot;:{&quot;url&quot;:&quot;&quot;,&quot;id&quot;:&quot;&quot;,&quot;size&quot;:&quot;&quot;},&quot;jet_parallax_layout_image_mobile&quot;:{&quot;url&quot;:&quot;&quot;,&quot;id&quot;:&quot;&quot;,&quot;size&quot;:&quot;&quot;},&quot;jet_parallax_layout_speed&quot;:{&quot;unit&quot;:&quot;%&quot;,&quot;size&quot;:50,&quot;sizes&quot;:[]},&quot;jet_parallax_layout_type&quot;:&quot;scroll&quot;,&quot;jet_parallax_layout_direction&quot;:&quot;1&quot;,&quot;jet_parallax_layout_fx_direction&quot;:null,&quot;jet_parallax_layout_z_index&quot;:&quot;&quot;,&quot;jet_parallax_layout_bg_x&quot;:50,&quot;jet_parallax_layout_bg_x_tablet&quot;:&quot;&quot;,&quot;jet_parallax_layout_bg_x_mobile&quot;:&quot;&quot;,&quot;jet_parallax_layout_bg_y&quot;:50,&quot;jet_parallax_layout_bg_y_tablet&quot;:&quot;&quot;,&quot;jet_parallax_layout_bg_y_mobile&quot;:&quot;&quot;,&quot;jet_parallax_layout_bg_size&quot;:&quot;auto&quot;,&quot;jet_parallax_layout_bg_size_tablet&quot;:&quot;&quot;,&quot;jet_parallax_layout_bg_size_mobile&quot;:&quot;&quot;,&quot;jet_parallax_layout_animation_prop&quot;:&quot;transform&quot;,&quot;jet_parallax_layout_on&quot;:[&quot;desktop&quot;,&quot;tablet&quot;]}]}\">\n\t\t\t\t\t\t<div class=\"elementor-container elementor-column-gap-default\">\n\t\t\t\t\t<div class=\"elementor-column elementor-col-50 elementor-inner-column elementor-element elementor-element-0142aa3\" data-id=\"0142aa3\" data-element_type=\"column\" data-e-type=\"column\">\n\t\t\t<div class=\"elementor-widget-wrap\">\n\t\t\t\t\t\t\t<\/div>\n\t\t<\/div>\n\t\t\t\t<div class=\"elementor-column elementor-col-50 elementor-inner-column elementor-element elementor-element-e2327ca\" data-id=\"e2327ca\" data-element_type=\"column\" data-e-type=\"column\">\n\t\t\t<div class=\"elementor-widget-wrap elementor-element-populated\">\n\t\t\t\t\t\t<div class=\"elementor-element elementor-element-0fc8f5d elementor-widget elementor-widget-text-editor\" data-id=\"0fc8f5d\" data-element_type=\"widget\" data-e-type=\"widget\" data-widget_type=\"text-editor.default\">\n\t\t\t\t<div class=\"elementor-widget-container\">\n\t\t\t\t\t\t\t\t\t<ul><li><span style=\"font-weight: 400;\">La <\/span><b>r\u00e9\u00e9ducation<\/b><span style=\"font-weight: 400;\">, qu\u2019elle soit motrice ou cognitive. Elle est souvent bas\u00e9e sur des activit\u00e9s manuelles et ludiques qui visent \u00e0 r\u00e9cup\u00e9rer de la mobilit\u00e9. Il existe par exemple beaucoup d\u2019exercices de renforcement musculaire au niveau de la main pour retrouver une pr\u00e9hension suffisante \u00e0 la vie quotidienne.<\/span><\/li><\/ul>\t\t\t\t\t\t\t\t<\/div>\n\t\t\t\t<\/div>\n\t\t\t\t<div class=\"elementor-element elementor-element-57d2bce elementor-widget elementor-widget-text-editor\" data-id=\"57d2bce\" data-element_type=\"widget\" data-e-type=\"widget\" data-widget_type=\"text-editor.default\">\n\t\t\t\t<div class=\"elementor-widget-container\">\n\t\t\t\t\t\t\t\t\t<ul><li><b>La r\u00e9int\u00e9gration sociale<\/b><span style=\"font-weight: 400;\">, dans l\u2019environnement familial, professionnel, scolaire etc. Par exemple, lever le bras en classe pour pouvoir participer, \u00e9changer avec ses camarades \u00e9tant primordial dans la sph\u00e8re sociale pour conserver l&#8217;interaction.<\/span><\/li><\/ul>\t\t\t\t\t\t\t\t<\/div>\n\t\t\t\t<\/div>\n\t\t\t\t<div class=\"elementor-element elementor-element-aaf1648 elementor-widget elementor-widget-text-editor\" data-id=\"aaf1648\" data-element_type=\"widget\" data-e-type=\"widget\" data-widget_type=\"text-editor.default\">\n\t\t\t\t<div class=\"elementor-widget-container\">\n\t\t\t\t\t\t\t\t\t<ul><li><b>La r\u00e9adaptation <\/b><span style=\"font-weight: 400;\">de l&#8217;environnement physique quotidien. Dans ce cas l\u00e0, il va effectuer des mises en situation dans le quotidien de la personne et par la suite, faire des propositions d\u2019aides techniques de compensation du handicap (comme un fauteuil roulant, un support de bras etc.), d\u2019am\u00e9nagement de domicile, du v\u00e9hicule, ou encore des adaptations de l\u2019outil informatique. \u201cNotre r\u00f4le est d\u2019\u00e9tablir le cahier des charges : par exemple les dimensions du fauteuil, l\u2019\u00e8re de giration, etc. \u00bb\u201d<\/span><\/li><\/ul>\t\t\t\t\t\t\t\t<\/div>\n\t\t\t\t<\/div>\n\t\t\t\t\t<\/div>\n\t\t<\/div>\n\t\t\t\t\t<\/div>\n\t\t<\/section>\n\t\t\t\t\t<\/div>\n\t\t<\/div>\n\t\t\t\t\t<\/div>\n\t\t<\/section>\n\t\t\t\t<section class=\"elementor-section elementor-top-section elementor-element elementor-element-0e8dea8 elementor-section-boxed elementor-section-height-default elementor-section-height-default\" data-id=\"0e8dea8\" data-element_type=\"section\" data-e-type=\"section\" data-settings=\"{&quot;jet_parallax_layout_list&quot;:[{&quot;jet_parallax_layout_image&quot;:{&quot;url&quot;:&quot;&quot;,&quot;id&quot;:&quot;&quot;,&quot;size&quot;:&quot;&quot;},&quot;_id&quot;:&quot;a828aa6&quot;,&quot;jet_parallax_layout_image_tablet&quot;:{&quot;url&quot;:&quot;&quot;,&quot;id&quot;:&quot;&quot;,&quot;size&quot;:&quot;&quot;},&quot;jet_parallax_layout_image_mobile&quot;:{&quot;url&quot;:&quot;&quot;,&quot;id&quot;:&quot;&quot;,&quot;size&quot;:&quot;&quot;},&quot;jet_parallax_layout_speed&quot;:{&quot;unit&quot;:&quot;%&quot;,&quot;size&quot;:50,&quot;sizes&quot;:[]},&quot;jet_parallax_layout_type&quot;:&quot;scroll&quot;,&quot;jet_parallax_layout_direction&quot;:&quot;1&quot;,&quot;jet_parallax_layout_fx_direction&quot;:null,&quot;jet_parallax_layout_z_index&quot;:&quot;&quot;,&quot;jet_parallax_layout_bg_x&quot;:50,&quot;jet_parallax_layout_bg_x_tablet&quot;:&quot;&quot;,&quot;jet_parallax_layout_bg_x_mobile&quot;:&quot;&quot;,&quot;jet_parallax_layout_bg_y&quot;:50,&quot;jet_parallax_layout_bg_y_tablet&quot;:&quot;&quot;,&quot;jet_parallax_layout_bg_y_mobile&quot;:&quot;&quot;,&quot;jet_parallax_layout_bg_size&quot;:&quot;auto&quot;,&quot;jet_parallax_layout_bg_size_tablet&quot;:&quot;&quot;,&quot;jet_parallax_layout_bg_size_mobile&quot;:&quot;&quot;,&quot;jet_parallax_layout_animation_prop&quot;:&quot;transform&quot;,&quot;jet_parallax_layout_on&quot;:[&quot;desktop&quot;,&quot;tablet&quot;]}]}\">\n\t\t\t\t\t\t<div class=\"elementor-container elementor-column-gap-default\">\n\t\t\t\t\t<div class=\"elementor-column elementor-col-100 elementor-top-column elementor-element elementor-element-e525890\" data-id=\"e525890\" data-element_type=\"column\" data-e-type=\"column\">\n\t\t\t<div class=\"elementor-widget-wrap elementor-element-populated\">\n\t\t\t\t\t\t<div class=\"elementor-element elementor-element-dc4dee5 elementor-widget elementor-widget-text-editor\" data-id=\"dc4dee5\" data-element_type=\"widget\" data-e-type=\"widget\" data-widget_type=\"text-editor.default\">\n\t\t\t\t<div class=\"elementor-widget-container\">\n\t\t\t\t\t\t\t\t\t<p style=\"text-align: center;\"><em>\u201c<big>Nous on est l\u00e0 pour faire de l\u2019<strong>information et du conseil<\/strong>.<br \/>Le but c\u2019est de pr\u00e9senter tout ce qui peut \u00eatre possible au patient.\u201d<br \/><\/big>Krystel, ergoth\u00e9rapeute du Groupe Korian \u00e0 Grenoble<\/em><\/p>\t\t\t\t\t\t\t\t<\/div>\n\t\t\t\t<\/div>\n\t\t\t\t\t<\/div>\n\t\t<\/div>\n\t\t\t\t\t<\/div>\n\t\t<\/section>\n\t\t\t\t<section class=\"elementor-section elementor-top-section elementor-element elementor-element-4c8c700 elementor-section-boxed elementor-section-height-default elementor-section-height-default\" data-id=\"4c8c700\" data-element_type=\"section\" data-e-type=\"section\" data-settings=\"{&quot;jet_parallax_layout_list&quot;:[{&quot;jet_parallax_layout_image&quot;:{&quot;url&quot;:&quot;&quot;,&quot;id&quot;:&quot;&quot;,&quot;size&quot;:&quot;&quot;},&quot;_id&quot;:&quot;4914a2c&quot;,&quot;jet_parallax_layout_image_tablet&quot;:{&quot;url&quot;:&quot;&quot;,&quot;id&quot;:&quot;&quot;,&quot;size&quot;:&quot;&quot;},&quot;jet_parallax_layout_image_mobile&quot;:{&quot;url&quot;:&quot;&quot;,&quot;id&quot;:&quot;&quot;,&quot;size&quot;:&quot;&quot;},&quot;jet_parallax_layout_speed&quot;:{&quot;unit&quot;:&quot;%&quot;,&quot;size&quot;:50,&quot;sizes&quot;:[]},&quot;jet_parallax_layout_type&quot;:&quot;scroll&quot;,&quot;jet_parallax_layout_direction&quot;:&quot;1&quot;,&quot;jet_parallax_layout_fx_direction&quot;:null,&quot;jet_parallax_layout_z_index&quot;:&quot;&quot;,&quot;jet_parallax_layout_bg_x&quot;:50,&quot;jet_parallax_layout_bg_x_tablet&quot;:&quot;&quot;,&quot;jet_parallax_layout_bg_x_mobile&quot;:&quot;&quot;,&quot;jet_parallax_layout_bg_y&quot;:50,&quot;jet_parallax_layout_bg_y_tablet&quot;:&quot;&quot;,&quot;jet_parallax_layout_bg_y_mobile&quot;:&quot;&quot;,&quot;jet_parallax_layout_bg_size&quot;:&quot;auto&quot;,&quot;jet_parallax_layout_bg_size_tablet&quot;:&quot;&quot;,&quot;jet_parallax_layout_bg_size_mobile&quot;:&quot;&quot;,&quot;jet_parallax_layout_animation_prop&quot;:&quot;transform&quot;,&quot;jet_parallax_layout_on&quot;:[&quot;desktop&quot;,&quot;tablet&quot;]}]}\">\n\t\t\t\t\t\t<div class=\"elementor-container elementor-column-gap-default\">\n\t\t\t\t\t<div class=\"elementor-column elementor-col-100 elementor-top-column elementor-element elementor-element-df046a9\" data-id=\"df046a9\" data-element_type=\"column\" data-e-type=\"column\">\n\t\t\t<div class=\"elementor-widget-wrap elementor-element-populated\">\n\t\t\t\t\t\t<div class=\"elementor-element elementor-element-0d12390 elementor-widget elementor-widget-heading\" data-id=\"0d12390\" data-element_type=\"widget\" data-e-type=\"widget\" data-widget_type=\"heading.default\">\n\t\t\t\t<div class=\"elementor-widget-container\">\n\t\t\t\t\t<h2 class=\"elementor-heading-title elementor-size-default\">La fabrication num\u00e9rique : une r\u00e9volution pour l'ergoth\u00e9rapie <\/h2>\t\t\t\t<\/div>\n\t\t\t\t<\/div>\n\t\t\t\t<div class=\"elementor-element elementor-element-b9b8511 elementor-widget elementor-widget-text-editor\" data-id=\"b9b8511\" data-element_type=\"widget\" data-e-type=\"widget\" data-widget_type=\"text-editor.default\">\n\t\t\t\t<div class=\"elementor-widget-container\">\n\t\t\t\t\t\t\t\t\t<p>Les ergoth\u00e9rapeutes sont \u00e9quip\u00e9s d\u2019un panel d\u2019outils pour <strong>cr\u00e9er les aides techniques adapt\u00e9es aux besoins et au quotidien de leurs patients<\/strong> : fabrication des mousses de positionnement pour les fauteuils roulants, des reposes-poignets, couture d&#8217;une orth\u00e8se, etc.<\/p>\t\t\t\t\t\t\t\t<\/div>\n\t\t\t\t<\/div>\n\t\t\t\t<div class=\"elementor-element elementor-element-e26028a elementor-widget elementor-widget-text-editor\" data-id=\"e26028a\" data-element_type=\"widget\" data-e-type=\"widget\" data-widget_type=\"text-editor.default\">\n\t\t\t\t<div class=\"elementor-widget-container\">\n\t\t\t\t\t\t\t\t\t<p><span style=\"font-weight: 400;\">Aujourd\u2019hui, des <strong>machines de fabrication num\u00e9rique<\/strong> <strong>comme les imprimantes 3D<\/strong>, viennent compl\u00e9ter ces outils traditionnels et ouvrent de nouvelles possibilit\u00e9s. Elles permettent de cr\u00e9er rapidement des aides techniques personnalis\u00e9es sur mesure pour chaque patient (attrape-cuill\u00e8re, porte-verre, ouvre bouteille etc.). <\/span><\/p>\t\t\t\t\t\t\t\t<\/div>\n\t\t\t\t<\/div>\n\t\t\t\t<div class=\"elementor-element elementor-element-be330c0 elementor-widget elementor-widget-text-editor\" data-id=\"be330c0\" data-element_type=\"widget\" data-e-type=\"widget\" data-widget_type=\"text-editor.default\">\n\t\t\t\t<div class=\"elementor-widget-container\">\n\t\t\t\t\t\t\t\t\t<p><big><i><span style=\"font-weight: 400;\">\u201c Ce serait presque maltraitant pour les patients de ne pas consid\u00e9rer<br \/>les avanc\u00e9es technologiques dans notre m\u00e9tier\u201d<br \/><\/span><\/i><\/big>Nolwenn<\/p>\t\t\t\t\t\t\t\t<\/div>\n\t\t\t\t<\/div>\n\t\t\t\t<div class=\"elementor-element elementor-element-163fedb elementor-widget elementor-widget-text-editor\" data-id=\"163fedb\" data-element_type=\"widget\" data-e-type=\"widget\" data-widget_type=\"text-editor.default\">\n\t\t\t\t<div class=\"elementor-widget-container\">\n\t\t\t\t\t\t\t\t\t<p><span style=\"font-weight: 400;\">Ces machines n\u00e9cessitent cependant une <strong>formation importante<\/strong> et c\u2019est l\u00e0 que repose l\u2019enjeu connexe \u00e0 la cr\u00e9ation num\u00e9rique : <strong>trouver le temps et les moyens pour former les professionnels<\/strong>.\u00a0<\/span><\/p>\t\t\t\t\t\t\t\t<\/div>\n\t\t\t\t<\/div>\n\t\t\t\t<div class=\"elementor-element elementor-element-c4f421f elementor-widget elementor-widget-text-editor\" data-id=\"c4f421f\" data-element_type=\"widget\" data-e-type=\"widget\" data-widget_type=\"text-editor.default\">\n\t\t\t\t<div class=\"elementor-widget-container\">\n\t\t\t\t\t\t\t\t\t<p><span style=\"font-weight: 400;\">Depuis 2016, le <a href=\"https:\/\/rehab-lab.org\/\" target=\"_blank\" rel=\"noopener\">REHAB-LAB<\/a> du Centre mutualiste de r\u00e9\u00e9ducation et de r\u00e9adaptation fonctionnelles de Kerpape, <strong>explore les possibilit\u00e9s offertes par ces nouvelles technologies<\/strong>. Pionnier dans le domaine, le REHAB-LAB a d\u00e9j\u00e0 form\u00e9 <a href=\"https:\/\/rehab-lab.org\/pages\/trainings#prochaines-formations-s-0\" target=\"_blank\" rel=\"noopener\">plus de 120 ergoth\u00e9rapeutes<\/a> \u00e0 l&#8217;impression 3D.<strong><br \/><\/strong><\/span><\/p><p>Cet atelier d&#8217;un nouveau genre permet d&#8217;<strong>exp\u00e9rimenter la cr\u00e9ation d\u2019aides techniques<\/strong> par les patients eux-m\u00eame, entour\u00e9s d&#8217;ergoth\u00e9rapeutes et de r\u00e9f\u00e9rents techniques :<\/p>\t\t\t\t\t\t\t\t<\/div>\n\t\t\t\t<\/div>\n\t\t\t\t<div class=\"elementor-element elementor-element-7184a35 elementor-widget elementor-widget-video\" data-id=\"7184a35\" data-element_type=\"widget\" data-e-type=\"widget\" data-settings=\"{&quot;youtube_url&quot;:&quot;https:\\\/\\\/www.youtube.com\\\/watch?v=gXRgxN3OKUY&amp;ab_channel=Mutualit%C3%A9Fran%C3%A7aise&quot;,&quot;video_type&quot;:&quot;youtube&quot;,&quot;controls&quot;:&quot;yes&quot;}\" data-widget_type=\"video.default\">\n\t\t\t\t<div class=\"elementor-widget-container\">\n\t\t\t\t\t\t\t<div class=\"elementor-wrapper elementor-open-inline\">\n\t\t\t<div class=\"elementor-video\"><\/div>\t\t<\/div>\n\t\t\t\t\t\t<\/div>\n\t\t\t\t<\/div>\n\t\t\t\t<div class=\"elementor-element elementor-element-8f609de elementor-widget elementor-widget-text-editor\" data-id=\"8f609de\" data-element_type=\"widget\" data-e-type=\"widget\" data-widget_type=\"text-editor.default\">\n\t\t\t\t<div class=\"elementor-widget-container\">\n\t\t\t\t\t\t\t\t\t<p><span style=\"font-weight: 400;\">Chez ORTHOPUS, <strong>nous int\u00e9grons l\u2019impression 3D dans la conception de nos dispositifs m\u00e9dicaux<\/strong>. Les coques de nos solutions seront imprim\u00e9es en 3D, ce qui permettra d\u2019en choisir la couleur. Les fichiers seront publi\u00e9s en open-source sur internet afin de permettre aux utilisateurs et utilisatrices de les personnaliser. Chez soi avec une imprimante 3D, ou accompagn\u00e9 par des personnes comp\u00e9tentes dans un <\/span><span style=\"font-weight: 400;\">fablab<\/span> ou un human lab, toutes les id\u00e9es pourront prendre vie !<\/p>\t\t\t\t\t\t\t\t<\/div>\n\t\t\t\t<\/div>\n\t\t\t\t\t<\/div>\n\t\t<\/div>\n\t\t\t\t\t<\/div>\n\t\t<\/section>\n\t\t\t\t<section class=\"elementor-section elementor-top-section elementor-element elementor-element-db09221 elementor-section-boxed elementor-section-height-default elementor-section-height-default\" data-id=\"db09221\" data-element_type=\"section\" data-e-type=\"section\" data-settings=\"{&quot;jet_parallax_layout_list&quot;:[{&quot;jet_parallax_layout_image&quot;:{&quot;url&quot;:&quot;&quot;,&quot;id&quot;:&quot;&quot;,&quot;size&quot;:&quot;&quot;},&quot;_id&quot;:&quot;37db4ab&quot;,&quot;jet_parallax_layout_image_tablet&quot;:{&quot;url&quot;:&quot;&quot;,&quot;id&quot;:&quot;&quot;,&quot;size&quot;:&quot;&quot;},&quot;jet_parallax_layout_image_mobile&quot;:{&quot;url&quot;:&quot;&quot;,&quot;id&quot;:&quot;&quot;,&quot;size&quot;:&quot;&quot;},&quot;jet_parallax_layout_speed&quot;:{&quot;unit&quot;:&quot;%&quot;,&quot;size&quot;:50,&quot;sizes&quot;:[]},&quot;jet_parallax_layout_type&quot;:&quot;scroll&quot;,&quot;jet_parallax_layout_direction&quot;:&quot;1&quot;,&quot;jet_parallax_layout_fx_direction&quot;:null,&quot;jet_parallax_layout_z_index&quot;:&quot;&quot;,&quot;jet_parallax_layout_bg_x&quot;:50,&quot;jet_parallax_layout_bg_x_tablet&quot;:&quot;&quot;,&quot;jet_parallax_layout_bg_x_mobile&quot;:&quot;&quot;,&quot;jet_parallax_layout_bg_y&quot;:50,&quot;jet_parallax_layout_bg_y_tablet&quot;:&quot;&quot;,&quot;jet_parallax_layout_bg_y_mobile&quot;:&quot;&quot;,&quot;jet_parallax_layout_bg_size&quot;:&quot;auto&quot;,&quot;jet_parallax_layout_bg_size_tablet&quot;:&quot;&quot;,&quot;jet_parallax_layout_bg_size_mobile&quot;:&quot;&quot;,&quot;jet_parallax_layout_animation_prop&quot;:&quot;transform&quot;,&quot;jet_parallax_layout_on&quot;:[&quot;desktop&quot;,&quot;tablet&quot;]}]}\">\n\t\t\t\t\t\t<div class=\"elementor-container elementor-column-gap-default\">\n\t\t\t\t\t<div class=\"elementor-column elementor-col-100 elementor-top-column elementor-element elementor-element-a2b89ee\" data-id=\"a2b89ee\" data-element_type=\"column\" data-e-type=\"column\" data-settings=\"{&quot;background_background&quot;:&quot;classic&quot;}\">\n\t\t\t<div class=\"elementor-widget-wrap elementor-element-populated\">\n\t\t\t\t\t\t<div class=\"elementor-element elementor-element-331420c elementor-widget elementor-widget-text-editor\" data-id=\"331420c\" data-element_type=\"widget\" data-e-type=\"widget\" data-widget_type=\"text-editor.default\">\n\t\t\t\t<div class=\"elementor-widget-container\">\n\t\t\t\t\t\t\t\t\t<p><span style=\"font-weight: 400;\">Un <strong>FABLAB<\/strong> est un <strong>atelier ouvert \u00e0 tous<\/strong>, d\u00e9butants comme sp\u00e9cialistes, pour prototyper et fabriquer des objets. On y trouve des \u00e9tablis de bricolage traditionnels, de l&#8217;\u00e9quipement \u00e9lectronique, et des machines \u00e0 commandes num\u00e9riques comme des imprimantes 3D et des d\u00e9coupeuses laser. Les fablabs sont des <strong>lieux de sociabilit\u00e9 et d&#8217;entraide autour du partage de savoirs-faire techniques<\/strong>.<\/span><\/p><p><span style=\"font-weight: 400;\">Un <a href=\"https:\/\/myhumankit.org\/le-humanlab\/\" target=\"_blank\" rel=\"noopener\"><strong>HUMANLAB<\/strong><\/a>, c&#8217;est un fablab mais <strong>d\u00e9di\u00e9 \u00e0 la r\u00e9alisation d&#8217;aides techniques au handicap<\/strong>. Espace d&#8217;\u00e9change et de solidarit\u00e9, ils accueillent les personnes en situation de handicap qui ont une id\u00e9e ou un besoin et les accompagnent dans la fabrication.\u00a0\u00a0<\/span><\/p><p><strong>Quelques Human labs fran\u00e7ais :\u00a0<\/strong><span style=\"font-weight: 400;\"><a href=\"https:\/\/myhumankit.org\/\" target=\"_blank\" rel=\"noopener\">My Human Kit<\/a> \u00e0 Renn<\/span><span style=\"font-weight: 400;\">es, <\/span><a href=\"https:\/\/humanlabapajh44.org\/\" target=\"_blank\" rel=\"noopener\">L&#8217;APAJH44 <\/a>\u00e0 Nantes, <a href=\"https:\/\/www.autonabee.com\/\" target=\"_blank\" rel=\"noopener\">Autonabee<\/a> \u00e0 Lyon, Le <a href=\"https:\/\/www.humanlabsaintpierre.org\/?fbclid=IwAR3C1mox2rwrhyMLZiO6Vo_HvgHXKWa8FbuV0gQqS0AojjWpVA9FCE_gx_M\" target=\"_blank\" rel=\"noopener\">Humanlab Saint Pierre<\/a> \u00e0 Palavas Les Flos.<\/p>\t\t\t\t\t\t\t\t<\/div>\n\t\t\t\t<\/div>\n\t\t\t\t\t<\/div>\n\t\t<\/div>\n\t\t\t\t\t<\/div>\n\t\t<\/section>\n\t\t\t\t<section class=\"elementor-section elementor-top-section elementor-element elementor-element-258203e elementor-section-boxed elementor-section-height-default elementor-section-height-default\" data-id=\"258203e\" data-element_type=\"section\" data-e-type=\"section\" data-settings=\"{&quot;jet_parallax_layout_list&quot;:[{&quot;jet_parallax_layout_image&quot;:{&quot;url&quot;:&quot;&quot;,&quot;id&quot;:&quot;&quot;,&quot;size&quot;:&quot;&quot;},&quot;_id&quot;:&quot;12a887d&quot;,&quot;jet_parallax_layout_image_tablet&quot;:{&quot;url&quot;:&quot;&quot;,&quot;id&quot;:&quot;&quot;,&quot;size&quot;:&quot;&quot;},&quot;jet_parallax_layout_image_mobile&quot;:{&quot;url&quot;:&quot;&quot;,&quot;id&quot;:&quot;&quot;,&quot;size&quot;:&quot;&quot;},&quot;jet_parallax_layout_speed&quot;:{&quot;unit&quot;:&quot;%&quot;,&quot;size&quot;:50,&quot;sizes&quot;:[]},&quot;jet_parallax_layout_type&quot;:&quot;scroll&quot;,&quot;jet_parallax_layout_direction&quot;:&quot;1&quot;,&quot;jet_parallax_layout_fx_direction&quot;:null,&quot;jet_parallax_layout_z_index&quot;:&quot;&quot;,&quot;jet_parallax_layout_bg_x&quot;:50,&quot;jet_parallax_layout_bg_x_tablet&quot;:&quot;&quot;,&quot;jet_parallax_layout_bg_x_mobile&quot;:&quot;&quot;,&quot;jet_parallax_layout_bg_y&quot;:50,&quot;jet_parallax_layout_bg_y_tablet&quot;:&quot;&quot;,&quot;jet_parallax_layout_bg_y_mobile&quot;:&quot;&quot;,&quot;jet_parallax_layout_bg_size&quot;:&quot;auto&quot;,&quot;jet_parallax_layout_bg_size_tablet&quot;:&quot;&quot;,&quot;jet_parallax_layout_bg_size_mobile&quot;:&quot;&quot;,&quot;jet_parallax_layout_animation_prop&quot;:&quot;transform&quot;,&quot;jet_parallax_layout_on&quot;:[&quot;desktop&quot;,&quot;tablet&quot;]}]}\">\n\t\t\t\t\t\t<div class=\"elementor-container elementor-column-gap-default\">\n\t\t\t\t\t<div class=\"elementor-column elementor-col-100 elementor-top-column elementor-element elementor-element-19e922e\" data-id=\"19e922e\" data-element_type=\"column\" data-e-type=\"column\">\n\t\t\t<div class=\"elementor-widget-wrap elementor-element-populated\">\n\t\t\t\t\t\t<div class=\"elementor-element elementor-element-7cdbb59 elementor-widget elementor-widget-spacer\" data-id=\"7cdbb59\" data-element_type=\"widget\" data-e-type=\"widget\" data-widget_type=\"spacer.default\">\n\t\t\t\t<div class=\"elementor-widget-container\">\n\t\t\t\t\t\t\t<div class=\"elementor-spacer\">\n\t\t\t<div class=\"elementor-spacer-inner\"><\/div>\n\t\t<\/div>\n\t\t\t\t\t\t<\/div>\n\t\t\t\t<\/div>\n\t\t\t\t<div class=\"elementor-element elementor-element-305f708 elementor-widget elementor-widget-heading\" data-id=\"305f708\" data-element_type=\"widget\" data-e-type=\"widget\" data-widget_type=\"heading.default\">\n\t\t\t\t<div class=\"elementor-widget-container\">\n\t\t\t\t\t<h2 class=\"elementor-heading-title elementor-size-default\">Ressources autour de l'ergoth\u00e9rapie <\/h2>\t\t\t\t<\/div>\n\t\t\t\t<\/div>\n\t\t\t\t\t<\/div>\n\t\t<\/div>\n\t\t\t\t\t<\/div>\n\t\t<\/section>\n\t\t\t\t<section class=\"elementor-section elementor-top-section elementor-element elementor-element-d31f17a elementor-section-boxed elementor-section-height-default elementor-section-height-default\" data-id=\"d31f17a\" data-element_type=\"section\" data-e-type=\"section\" data-settings=\"{&quot;jet_parallax_layout_list&quot;:[{&quot;jet_parallax_layout_image&quot;:{&quot;url&quot;:&quot;&quot;,&quot;id&quot;:&quot;&quot;,&quot;size&quot;:&quot;&quot;},&quot;_id&quot;:&quot;37db4ab&quot;,&quot;jet_parallax_layout_image_tablet&quot;:{&quot;url&quot;:&quot;&quot;,&quot;id&quot;:&quot;&quot;,&quot;size&quot;:&quot;&quot;},&quot;jet_parallax_layout_image_mobile&quot;:{&quot;url&quot;:&quot;&quot;,&quot;id&quot;:&quot;&quot;,&quot;size&quot;:&quot;&quot;},&quot;jet_parallax_layout_speed&quot;:{&quot;unit&quot;:&quot;%&quot;,&quot;size&quot;:50,&quot;sizes&quot;:[]},&quot;jet_parallax_layout_type&quot;:&quot;scroll&quot;,&quot;jet_parallax_layout_direction&quot;:&quot;1&quot;,&quot;jet_parallax_layout_fx_direction&quot;:null,&quot;jet_parallax_layout_z_index&quot;:&quot;&quot;,&quot;jet_parallax_layout_bg_x&quot;:50,&quot;jet_parallax_layout_bg_x_tablet&quot;:&quot;&quot;,&quot;jet_parallax_layout_bg_x_mobile&quot;:&quot;&quot;,&quot;jet_parallax_layout_bg_y&quot;:50,&quot;jet_parallax_layout_bg_y_tablet&quot;:&quot;&quot;,&quot;jet_parallax_layout_bg_y_mobile&quot;:&quot;&quot;,&quot;jet_parallax_layout_bg_size&quot;:&quot;auto&quot;,&quot;jet_parallax_layout_bg_size_tablet&quot;:&quot;&quot;,&quot;jet_parallax_layout_bg_size_mobile&quot;:&quot;&quot;,&quot;jet_parallax_layout_animation_prop&quot;:&quot;transform&quot;,&quot;jet_parallax_layout_on&quot;:[&quot;desktop&quot;,&quot;tablet&quot;]}]}\">\n\t\t\t\t\t\t<div class=\"elementor-container elementor-column-gap-default\">\n\t\t\t\t\t<div class=\"elementor-column elementor-col-100 elementor-top-column elementor-element elementor-element-cbc62db\" data-id=\"cbc62db\" data-element_type=\"column\" data-e-type=\"column\" data-settings=\"{&quot;background_background&quot;:&quot;classic&quot;}\">\n\t\t\t<div class=\"elementor-widget-wrap elementor-element-populated\">\n\t\t\t\t\t\t<div class=\"elementor-element elementor-element-c973ccd elementor-widget elementor-widget-text-editor\" data-id=\"c973ccd\" data-element_type=\"widget\" data-e-type=\"widget\" data-widget_type=\"text-editor.default\">\n\t\t\t\t<div class=\"elementor-widget-container\">\n\t\t\t\t\t\t\t\t\t<ul><li><a href=\"https:\/\/anfe.fr\/qu_est_ce_que_l_ergotherapie\/\" target=\"_blank\" rel=\"noopener\">Qu\u2019est-ce que l\u2019ergoth\u00e9rapie ? <\/a>anfe.fr<\/li><li aria-level=\"1\"><a href=\"https:\/\/marion-comiti-ergotherapeute.fr\/qui-suis-je\/\" target=\"_blank\" rel=\"noopener\">La vocation d\u2019Ergoth\u00e9rapeute d\u2019apr\u00e8s Marion Comti, ergoth\u00e9rapeute\u00a0<\/a><\/li><li aria-level=\"1\"><a href=\"https:\/\/www.enfant-different.org\/methodes-et-approches-reeducatives\/ergotherapeute\" target=\"_blank\" rel=\"noopener\">Se faire accompagner par un ergoth\u00e9rapeute<\/a>&#8211; enfant-different.org<\/li><\/ul><p>Pour trouver un-e ergoth\u00e9rapeute pr\u00e8s de chez vous : <a href=\"https:\/\/anfe.fr\/trouver_un_ergotherapeute\/\" target=\"_blank\" rel=\"noopener\">cliquez ici<\/a>.<\/p>\t\t\t\t\t\t\t\t<\/div>\n\t\t\t\t<\/div>\n\t\t\t\t\t<\/div>\n\t\t<\/div>\n\t\t\t\t\t<\/div>\n\t\t<\/section>\n\t\t\t\t<\/div>\n\t\t","protected":false},"excerpt":{"rendered":"<p>Quel est le r\u00f4le d&#8217;un ergoth\u00e9rapeute dans le parcours de r\u00e9\u00e9ducation d&#8217;un patient ? Comment la fabrication num\u00e9rique fait \u00e9voluer la profession ? Pr\u00e9sentation de ce m\u00e9tier au service de l&#8217;autonomie. Les ergoth\u00e9rapeutes sont des professionnels de sant\u00e9 qui ont pour mission d\u2019apporter de l\u2019autonomie dans le quotidien des personnes en situation de handicap. Ils [&hellip;]<\/p>\n","protected":false},"author":9,"featured_media":4574,"comment_status":"open","ping_status":"closed","sticky":false,"template":"","format":"standard","meta":{"_jet_sm_ready_style":"","_jet_sm_style":"","_jet_sm_controls_values":"","_jet_sm_fonts_collection":"","_jet_sm_fonts_links":"","footnotes":""},"categories":[140,228],"tags":[138,150,146,145,135,141,147,100,61,148,152,143,136,144],"class_list":["post-4541","post","type-post","status-publish","format-standard","has-post-thumbnail","hentry","category-ressource","category-technologie-handicap-moteur","tag-aide-technique-handicap","tag-aides-techniques","tag-anfe","tag-autonomie","tag-ergotherapeute","tag-ergotherapie","tag-fabrication-numerique","tag-handicap","tag-handicap-moteur","tag-imprimante-3d","tag-membre-superieur","tag-metier-ergotherapeute","tag-readaptation","tag-reeducation"],"yoast_head":"<!-- This site is optimized with the Yoast SEO plugin v27.4 - https:\/\/yoast.com\/product\/yoast-seo-wordpress\/ -->\n<title>L\u2019ergoth\u00e9rapeute : un professionnel au c\u0153ur de l\u2019accompagnement du handicap - ORTHOPUS<\/title>\n<meta name=\"description\" content=\"Qu\u2019est ce que le m\u00e9tier d\u2019ergoth\u00e9rapeute ? Quel est son r\u00f4le dans la r\u00e9\u00e9ducation du patient ?\" \/>\n<meta name=\"robots\" content=\"index, follow, max-snippet:-1, max-image-preview:large, max-video-preview:-1\" \/>\n<link rel=\"canonical\" href=\"https:\/\/orthopus.com\/fr\/metier-ergotherapeute\/\" \/>\n<meta property=\"og:locale\" content=\"fr_FR\" \/>\n<meta property=\"og:type\" content=\"article\" \/>\n<meta property=\"og:title\" content=\"L\u2019ergoth\u00e9rapeute : un professionnel au c\u0153ur de l\u2019accompagnement du handicap - ORTHOPUS\" \/>\n<meta property=\"og:description\" content=\"Qu\u2019est ce que le m\u00e9tier d\u2019ergoth\u00e9rapeute ? Quel est son r\u00f4le dans la r\u00e9\u00e9ducation du patient ?\" \/>\n<meta property=\"og:url\" content=\"https:\/\/orthopus.com\/fr\/metier-ergotherapeute\/\" \/>\n<meta property=\"og:site_name\" content=\"ORTHOPUS\" \/>\n<meta property=\"article:published_time\" content=\"2022-02-02T09:05:27+00:00\" \/>\n<meta property=\"article:modified_time\" content=\"2023-02-28T15:47:03+00:00\" \/>\n<meta property=\"og:image\" content=\"https:\/\/orthopus.com\/wp-content\/uploads\/2022\/01\/IMG_3123.png\" \/>\n\t<meta property=\"og:image:width\" content=\"1000\" \/>\n\t<meta property=\"og:image:height\" content=\"733\" \/>\n\t<meta property=\"og:image:type\" content=\"image\/png\" \/>\n<meta name=\"author\" content=\"Mona\" \/>\n<meta name=\"twitter:card\" content=\"summary_large_image\" \/>\n<meta name=\"twitter:label1\" content=\"\u00c9crit par\" \/>\n\t<meta name=\"twitter:data1\" content=\"Mona\" \/>\n\t<meta name=\"twitter:label2\" content=\"Dur\u00e9e de lecture estim\u00e9e\" \/>\n\t<meta name=\"twitter:data2\" content=\"4 minutes\" \/>\n<script type=\"application\/ld+json\" class=\"yoast-schema-graph\">{\"@context\":\"https:\\\/\\\/schema.org\",\"@graph\":[{\"@type\":\"Article\",\"@id\":\"https:\\\/\\\/orthopus.com\\\/fr\\\/metier-ergotherapeute\\\/#article\",\"isPartOf\":{\"@id\":\"https:\\\/\\\/orthopus.com\\\/fr\\\/metier-ergotherapeute\\\/\"},\"author\":{\"name\":\"Mona\",\"@id\":\"https:\\\/\\\/orthopus.com\\\/#\\\/schema\\\/person\\\/8441a77cd59009919fdd8fbf3264c72e\"},\"headline\":\"L\u2019ergoth\u00e9rapeute : un professionnel au c\u0153ur de l\u2019accompagnement du handicap\",\"datePublished\":\"2022-02-02T09:05:27+00:00\",\"dateModified\":\"2023-02-28T15:47:03+00:00\",\"mainEntityOfPage\":{\"@id\":\"https:\\\/\\\/orthopus.com\\\/fr\\\/metier-ergotherapeute\\\/\"},\"wordCount\":983,\"commentCount\":0,\"publisher\":{\"@id\":\"https:\\\/\\\/orthopus.com\\\/#organization\"},\"image\":{\"@id\":\"https:\\\/\\\/orthopus.com\\\/fr\\\/metier-ergotherapeute\\\/#primaryimage\"},\"thumbnailUrl\":\"https:\\\/\\\/orthopus.com\\\/wp-content\\\/uploads\\\/2022\\\/01\\\/IMG_3123.png\",\"keywords\":[\"aide technique handicap\",\"aides techniques\",\"ANFE\",\"autonomie\",\"ergotherapeute\",\"ergoth\u00e9rapie\",\"fabrication num\u00e9rique\",\"handicap\",\"handicap moteur\",\"imprimante 3D\",\"membre sup\u00e9rieur\",\"metier ergotherapeute\",\"readaptation\",\"reeducation\"],\"articleSection\":[\"Ressource\",\"Technologie &amp; handicap moteur\"],\"inLanguage\":\"fr-FR\",\"potentialAction\":[{\"@type\":\"CommentAction\",\"name\":\"Comment\",\"target\":[\"https:\\\/\\\/orthopus.com\\\/fr\\\/metier-ergotherapeute\\\/#respond\"]}]},{\"@type\":\"WebPage\",\"@id\":\"https:\\\/\\\/orthopus.com\\\/fr\\\/metier-ergotherapeute\\\/\",\"url\":\"https:\\\/\\\/orthopus.com\\\/fr\\\/metier-ergotherapeute\\\/\",\"name\":\"L\u2019ergoth\u00e9rapeute : un professionnel au c\u0153ur de l\u2019accompagnement du handicap - ORTHOPUS\",\"isPartOf\":{\"@id\":\"https:\\\/\\\/orthopus.com\\\/#website\"},\"primaryImageOfPage\":{\"@id\":\"https:\\\/\\\/orthopus.com\\\/fr\\\/metier-ergotherapeute\\\/#primaryimage\"},\"image\":{\"@id\":\"https:\\\/\\\/orthopus.com\\\/fr\\\/metier-ergotherapeute\\\/#primaryimage\"},\"thumbnailUrl\":\"https:\\\/\\\/orthopus.com\\\/wp-content\\\/uploads\\\/2022\\\/01\\\/IMG_3123.png\",\"datePublished\":\"2022-02-02T09:05:27+00:00\",\"dateModified\":\"2023-02-28T15:47:03+00:00\",\"description\":\"Qu\u2019est ce que le m\u00e9tier d\u2019ergoth\u00e9rapeute ? Quel est son r\u00f4le dans la r\u00e9\u00e9ducation du patient ?\",\"breadcrumb\":{\"@id\":\"https:\\\/\\\/orthopus.com\\\/fr\\\/metier-ergotherapeute\\\/#breadcrumb\"},\"inLanguage\":\"fr-FR\",\"potentialAction\":[{\"@type\":\"ReadAction\",\"target\":[\"https:\\\/\\\/orthopus.com\\\/fr\\\/metier-ergotherapeute\\\/\"]}]},{\"@type\":\"ImageObject\",\"inLanguage\":\"fr-FR\",\"@id\":\"https:\\\/\\\/orthopus.com\\\/fr\\\/metier-ergotherapeute\\\/#primaryimage\",\"url\":\"https:\\\/\\\/orthopus.com\\\/wp-content\\\/uploads\\\/2022\\\/01\\\/IMG_3123.png\",\"contentUrl\":\"https:\\\/\\\/orthopus.com\\\/wp-content\\\/uploads\\\/2022\\\/01\\\/IMG_3123.png\",\"width\":1000,\"height\":733},{\"@type\":\"BreadcrumbList\",\"@id\":\"https:\\\/\\\/orthopus.com\\\/fr\\\/metier-ergotherapeute\\\/#breadcrumb\",\"itemListElement\":[{\"@type\":\"ListItem\",\"position\":1,\"name\":\"Accueil\",\"item\":\"https:\\\/\\\/orthopus.com\\\/fr\\\/\"},{\"@type\":\"ListItem\",\"position\":2,\"name\":\"L\u2019ergoth\u00e9rapeute : un professionnel au c\u0153ur de l\u2019accompagnement du handicap\"}]},{\"@type\":\"WebSite\",\"@id\":\"https:\\\/\\\/orthopus.com\\\/#website\",\"url\":\"https:\\\/\\\/orthopus.com\\\/\",\"name\":\"ORTHOPUS\",\"description\":\"Handitech solutions for everyone\",\"publisher\":{\"@id\":\"https:\\\/\\\/orthopus.com\\\/#organization\"},\"potentialAction\":[{\"@type\":\"SearchAction\",\"target\":{\"@type\":\"EntryPoint\",\"urlTemplate\":\"https:\\\/\\\/orthopus.com\\\/?s={search_term_string}\"},\"query-input\":{\"@type\":\"PropertyValueSpecification\",\"valueRequired\":true,\"valueName\":\"search_term_string\"}}],\"inLanguage\":\"fr-FR\"},{\"@type\":\"Organization\",\"@id\":\"https:\\\/\\\/orthopus.com\\\/#organization\",\"name\":\"ORTHOPUS\",\"url\":\"https:\\\/\\\/orthopus.com\\\/\",\"logo\":{\"@type\":\"ImageObject\",\"inLanguage\":\"fr-FR\",\"@id\":\"https:\\\/\\\/orthopus.com\\\/#\\\/schema\\\/logo\\\/image\\\/\",\"url\":\"https:\\\/\\\/orthopus.com\\\/wp-content\\\/uploads\\\/2020\\\/04\\\/Logo-ORTHOPUS-support-de-bras-personnalisable.png\",\"contentUrl\":\"https:\\\/\\\/orthopus.com\\\/wp-content\\\/uploads\\\/2020\\\/04\\\/Logo-ORTHOPUS-support-de-bras-personnalisable.png\",\"width\":416,\"height\":98,\"caption\":\"ORTHOPUS\"},\"image\":{\"@id\":\"https:\\\/\\\/orthopus.com\\\/#\\\/schema\\\/logo\\\/image\\\/\"}},{\"@type\":\"Person\",\"@id\":\"https:\\\/\\\/orthopus.com\\\/#\\\/schema\\\/person\\\/8441a77cd59009919fdd8fbf3264c72e\",\"name\":\"Mona\",\"image\":{\"@type\":\"ImageObject\",\"inLanguage\":\"fr-FR\",\"@id\":\"https:\\\/\\\/secure.gravatar.com\\\/avatar\\\/b5b462af4cf5722fbd017ef55b474709ff34d6030941c8c793bf9edf5d82b670?s=96&d=mm&r=g\",\"url\":\"https:\\\/\\\/secure.gravatar.com\\\/avatar\\\/b5b462af4cf5722fbd017ef55b474709ff34d6030941c8c793bf9edf5d82b670?s=96&d=mm&r=g\",\"contentUrl\":\"https:\\\/\\\/secure.gravatar.com\\\/avatar\\\/b5b462af4cf5722fbd017ef55b474709ff34d6030941c8c793bf9edf5d82b670?s=96&d=mm&r=g\",\"caption\":\"Mona\"},\"description\":\"Sp\u00e9cialis\u00e9e dans la culture scientifique et technique depuis dix ans, Mona a une exp\u00e9rience au croisement de l\u2019\u00e9conomie sociale et solidaire, de la fabrication num\u00e9rique et du monde des fablabs. Ses comp\u00e9tences vont de la communication transmedia, \u00e0 l\u2019animation de communaut\u00e9s en passant par l\u2019\u00e9v\u00e9nementiel. Chez ORTHOPUS, elle met en \u0153uvre et anime la strat\u00e9gie communication et marketing.\",\"url\":\"https:\\\/\\\/orthopus.com\\\/fr\\\/author\\\/mona\\\/\"}]}<\/script>\n<!-- \/ Yoast SEO plugin. -->","yoast_head_json":{"title":"L\u2019ergoth\u00e9rapeute : un professionnel au c\u0153ur de l\u2019accompagnement du handicap - ORTHOPUS","description":"Qu\u2019est ce que le m\u00e9tier d\u2019ergoth\u00e9rapeute ? Quel est son r\u00f4le dans la r\u00e9\u00e9ducation du patient ?","robots":{"index":"index","follow":"follow","max-snippet":"max-snippet:-1","max-image-preview":"max-image-preview:large","max-video-preview":"max-video-preview:-1"},"canonical":"https:\/\/orthopus.com\/fr\/metier-ergotherapeute\/","og_locale":"fr_FR","og_type":"article","og_title":"L\u2019ergoth\u00e9rapeute : un professionnel au c\u0153ur de l\u2019accompagnement du handicap - ORTHOPUS","og_description":"Qu\u2019est ce que le m\u00e9tier d\u2019ergoth\u00e9rapeute ? Quel est son r\u00f4le dans la r\u00e9\u00e9ducation du patient ?","og_url":"https:\/\/orthopus.com\/fr\/metier-ergotherapeute\/","og_site_name":"ORTHOPUS","article_published_time":"2022-02-02T09:05:27+00:00","article_modified_time":"2023-02-28T15:47:03+00:00","og_image":[{"width":1000,"height":733,"url":"https:\/\/orthopus.com\/wp-content\/uploads\/2022\/01\/IMG_3123.png","type":"image\/png"}],"author":"Mona","twitter_card":"summary_large_image","twitter_misc":{"\u00c9crit par":"Mona","Dur\u00e9e de lecture estim\u00e9e":"4 minutes"},"schema":{"@context":"https:\/\/schema.org","@graph":[{"@type":"Article","@id":"https:\/\/orthopus.com\/fr\/metier-ergotherapeute\/#article","isPartOf":{"@id":"https:\/\/orthopus.com\/fr\/metier-ergotherapeute\/"},"author":{"name":"Mona","@id":"https:\/\/orthopus.com\/#\/schema\/person\/8441a77cd59009919fdd8fbf3264c72e"},"headline":"L\u2019ergoth\u00e9rapeute : un professionnel au c\u0153ur de l\u2019accompagnement du handicap","datePublished":"2022-02-02T09:05:27+00:00","dateModified":"2023-02-28T15:47:03+00:00","mainEntityOfPage":{"@id":"https:\/\/orthopus.com\/fr\/metier-ergotherapeute\/"},"wordCount":983,"commentCount":0,"publisher":{"@id":"https:\/\/orthopus.com\/#organization"},"image":{"@id":"https:\/\/orthopus.com\/fr\/metier-ergotherapeute\/#primaryimage"},"thumbnailUrl":"https:\/\/orthopus.com\/wp-content\/uploads\/2022\/01\/IMG_3123.png","keywords":["aide technique handicap","aides techniques","ANFE","autonomie","ergotherapeute","ergoth\u00e9rapie","fabrication num\u00e9rique","handicap","handicap moteur","imprimante 3D","membre sup\u00e9rieur","metier ergotherapeute","readaptation","reeducation"],"articleSection":["Ressource","Technologie &amp; handicap moteur"],"inLanguage":"fr-FR","potentialAction":[{"@type":"CommentAction","name":"Comment","target":["https:\/\/orthopus.com\/fr\/metier-ergotherapeute\/#respond"]}]},{"@type":"WebPage","@id":"https:\/\/orthopus.com\/fr\/metier-ergotherapeute\/","url":"https:\/\/orthopus.com\/fr\/metier-ergotherapeute\/","name":"L\u2019ergoth\u00e9rapeute : un professionnel au c\u0153ur de l\u2019accompagnement du handicap - ORTHOPUS","isPartOf":{"@id":"https:\/\/orthopus.com\/#website"},"primaryImageOfPage":{"@id":"https:\/\/orthopus.com\/fr\/metier-ergotherapeute\/#primaryimage"},"image":{"@id":"https:\/\/orthopus.com\/fr\/metier-ergotherapeute\/#primaryimage"},"thumbnailUrl":"https:\/\/orthopus.com\/wp-content\/uploads\/2022\/01\/IMG_3123.png","datePublished":"2022-02-02T09:05:27+00:00","dateModified":"2023-02-28T15:47:03+00:00","description":"Qu\u2019est ce que le m\u00e9tier d\u2019ergoth\u00e9rapeute ? Quel est son r\u00f4le dans la r\u00e9\u00e9ducation du patient ?","breadcrumb":{"@id":"https:\/\/orthopus.com\/fr\/metier-ergotherapeute\/#breadcrumb"},"inLanguage":"fr-FR","potentialAction":[{"@type":"ReadAction","target":["https:\/\/orthopus.com\/fr\/metier-ergotherapeute\/"]}]},{"@type":"ImageObject","inLanguage":"fr-FR","@id":"https:\/\/orthopus.com\/fr\/metier-ergotherapeute\/#primaryimage","url":"https:\/\/orthopus.com\/wp-content\/uploads\/2022\/01\/IMG_3123.png","contentUrl":"https:\/\/orthopus.com\/wp-content\/uploads\/2022\/01\/IMG_3123.png","width":1000,"height":733},{"@type":"BreadcrumbList","@id":"https:\/\/orthopus.com\/fr\/metier-ergotherapeute\/#breadcrumb","itemListElement":[{"@type":"ListItem","position":1,"name":"Accueil","item":"https:\/\/orthopus.com\/fr\/"},{"@type":"ListItem","position":2,"name":"L\u2019ergoth\u00e9rapeute : un professionnel au c\u0153ur de l\u2019accompagnement du handicap"}]},{"@type":"WebSite","@id":"https:\/\/orthopus.com\/#website","url":"https:\/\/orthopus.com\/","name":"ORTHOPUS","description":"Handitech solutions for everyone","publisher":{"@id":"https:\/\/orthopus.com\/#organization"},"potentialAction":[{"@type":"SearchAction","target":{"@type":"EntryPoint","urlTemplate":"https:\/\/orthopus.com\/?s={search_term_string}"},"query-input":{"@type":"PropertyValueSpecification","valueRequired":true,"valueName":"search_term_string"}}],"inLanguage":"fr-FR"},{"@type":"Organization","@id":"https:\/\/orthopus.com\/#organization","name":"ORTHOPUS","url":"https:\/\/orthopus.com\/","logo":{"@type":"ImageObject","inLanguage":"fr-FR","@id":"https:\/\/orthopus.com\/#\/schema\/logo\/image\/","url":"https:\/\/orthopus.com\/wp-content\/uploads\/2020\/04\/Logo-ORTHOPUS-support-de-bras-personnalisable.png","contentUrl":"https:\/\/orthopus.com\/wp-content\/uploads\/2020\/04\/Logo-ORTHOPUS-support-de-bras-personnalisable.png","width":416,"height":98,"caption":"ORTHOPUS"},"image":{"@id":"https:\/\/orthopus.com\/#\/schema\/logo\/image\/"}},{"@type":"Person","@id":"https:\/\/orthopus.com\/#\/schema\/person\/8441a77cd59009919fdd8fbf3264c72e","name":"Mona","image":{"@type":"ImageObject","inLanguage":"fr-FR","@id":"https:\/\/secure.gravatar.com\/avatar\/b5b462af4cf5722fbd017ef55b474709ff34d6030941c8c793bf9edf5d82b670?s=96&d=mm&r=g","url":"https:\/\/secure.gravatar.com\/avatar\/b5b462af4cf5722fbd017ef55b474709ff34d6030941c8c793bf9edf5d82b670?s=96&d=mm&r=g","contentUrl":"https:\/\/secure.gravatar.com\/avatar\/b5b462af4cf5722fbd017ef55b474709ff34d6030941c8c793bf9edf5d82b670?s=96&d=mm&r=g","caption":"Mona"},"description":"Sp\u00e9cialis\u00e9e dans la culture scientifique et technique depuis dix ans, Mona a une exp\u00e9rience au croisement de l\u2019\u00e9conomie sociale et solidaire, de la fabrication num\u00e9rique et du monde des fablabs. Ses comp\u00e9tences vont de la communication transmedia, \u00e0 l\u2019animation de communaut\u00e9s en passant par l\u2019\u00e9v\u00e9nementiel. Chez ORTHOPUS, elle met en \u0153uvre et anime la strat\u00e9gie communication et marketing.","url":"https:\/\/orthopus.com\/fr\/author\/mona\/"}]}},"_links":{"self":[{"href":"https:\/\/orthopus.com\/fr\/wp-json\/wp\/v2\/posts\/4541","targetHints":{"allow":["GET"]}}],"collection":[{"href":"https:\/\/orthopus.com\/fr\/wp-json\/wp\/v2\/posts"}],"about":[{"href":"https:\/\/orthopus.com\/fr\/wp-json\/wp\/v2\/types\/post"}],"author":[{"embeddable":true,"href":"https:\/\/orthopus.com\/fr\/wp-json\/wp\/v2\/users\/9"}],"replies":[{"embeddable":true,"href":"https:\/\/orthopus.com\/fr\/wp-json\/wp\/v2\/comments?post=4541"}],"version-history":[{"count":5,"href":"https:\/\/orthopus.com\/fr\/wp-json\/wp\/v2\/posts\/4541\/revisions"}],"predecessor-version":[{"id":4741,"href":"https:\/\/orthopus.com\/fr\/wp-json\/wp\/v2\/posts\/4541\/revisions\/4741"}],"wp:featuredmedia":[{"embeddable":true,"href":"https:\/\/orthopus.com\/fr\/wp-json\/wp\/v2\/media\/4574"}],"wp:attachment":[{"href":"https:\/\/orthopus.com\/fr\/wp-json\/wp\/v2\/media?parent=4541"}],"wp:term":[{"taxonomy":"category","embeddable":true,"href":"https:\/\/orthopus.com\/fr\/wp-json\/wp\/v2\/categories?post=4541"},{"taxonomy":"post_tag","embeddable":true,"href":"https:\/\/orthopus.com\/fr\/wp-json\/wp\/v2\/tags?post=4541"}],"curies":[{"name":"wp","href":"https:\/\/api.w.org\/{rel}","templated":true}]}}