{"id":2747,"date":"2021-03-16T11:31:44","date_gmt":"2021-03-16T10:31:44","guid":{"rendered":"https:\/\/orthopus.com\/?p=2747"},"modified":"2023-02-28T16:47:40","modified_gmt":"2023-02-28T15:47:40","slug":"les-chiffres-du-handicap","status":"publish","type":"post","link":"https:\/\/orthopus.com\/fr\/les-chiffres-du-handicap\/","title":{"rendered":"Ce que nous disent les chiffres du handicap dans le monde"},"content":{"rendered":"\t\t<div data-elementor-type=\"wp-post\" data-elementor-id=\"2747\" class=\"elementor elementor-2747\" data-elementor-post-type=\"post\">\n\t\t\t\t\t\t<section class=\"elementor-section elementor-top-section elementor-element elementor-element-5f2ad6a elementor-section-boxed elementor-section-height-default elementor-section-height-default\" data-id=\"5f2ad6a\" data-element_type=\"section\" data-e-type=\"section\" data-settings=\"{&quot;jet_parallax_layout_list&quot;:[{&quot;jet_parallax_layout_image&quot;:{&quot;url&quot;:&quot;&quot;,&quot;id&quot;:&quot;&quot;,&quot;size&quot;:&quot;&quot;},&quot;_id&quot;:&quot;4914a2c&quot;,&quot;jet_parallax_layout_image_tablet&quot;:{&quot;url&quot;:&quot;&quot;,&quot;id&quot;:&quot;&quot;,&quot;size&quot;:&quot;&quot;},&quot;jet_parallax_layout_image_mobile&quot;:{&quot;url&quot;:&quot;&quot;,&quot;id&quot;:&quot;&quot;,&quot;size&quot;:&quot;&quot;},&quot;jet_parallax_layout_speed&quot;:{&quot;unit&quot;:&quot;%&quot;,&quot;size&quot;:50,&quot;sizes&quot;:[]},&quot;jet_parallax_layout_type&quot;:&quot;scroll&quot;,&quot;jet_parallax_layout_direction&quot;:&quot;1&quot;,&quot;jet_parallax_layout_fx_direction&quot;:null,&quot;jet_parallax_layout_z_index&quot;:&quot;&quot;,&quot;jet_parallax_layout_bg_x&quot;:50,&quot;jet_parallax_layout_bg_x_tablet&quot;:&quot;&quot;,&quot;jet_parallax_layout_bg_x_mobile&quot;:&quot;&quot;,&quot;jet_parallax_layout_bg_y&quot;:50,&quot;jet_parallax_layout_bg_y_tablet&quot;:&quot;&quot;,&quot;jet_parallax_layout_bg_y_mobile&quot;:&quot;&quot;,&quot;jet_parallax_layout_bg_size&quot;:&quot;auto&quot;,&quot;jet_parallax_layout_bg_size_tablet&quot;:&quot;&quot;,&quot;jet_parallax_layout_bg_size_mobile&quot;:&quot;&quot;,&quot;jet_parallax_layout_animation_prop&quot;:&quot;transform&quot;,&quot;jet_parallax_layout_on&quot;:[&quot;desktop&quot;,&quot;tablet&quot;]}]}\">\n\t\t\t\t\t\t<div class=\"elementor-container elementor-column-gap-default\">\n\t\t\t\t\t<div class=\"elementor-column elementor-col-100 elementor-top-column elementor-element elementor-element-edb9f16\" data-id=\"edb9f16\" data-element_type=\"column\" data-e-type=\"column\">\n\t\t\t<div class=\"elementor-widget-wrap elementor-element-populated\">\n\t\t\t\t\t\t<div class=\"elementor-element elementor-element-dbb9d13 elementor-widget elementor-widget-text-editor\" data-id=\"dbb9d13\" data-element_type=\"widget\" data-e-type=\"widget\" data-widget_type=\"text-editor.default\">\n\t\t\t\t<div class=\"elementor-widget-container\">\n\t\t\t\t\t\t\t\t\t<p><b>Les chiffres repr\u00e9sentent de formidables indicateurs pour comprendre et mesurer les probl\u00e9matiques de sant\u00e9. Sur le volet du handicap, la question de l\u2019acc\u00e8s aux aides techniques devient primordiale notamment dans un contexte d\u2019in\u00e9galit\u00e9s d\u2019acc\u00e8s aux soins, alors que la pr\u00e9valence du handicap ne fait qu\u2019augmenter.\u00a0<\/b><\/p><p><b>Dans le but de mieux estimer les besoins des personnes en situation de handicap, nous avons souhait\u00e9 dresser un \u00e9tat des lieux des chiffres sur ce sujet. <\/b><\/p>\t\t\t\t\t\t\t\t<\/div>\n\t\t\t\t<\/div>\n\t\t\t\t<div class=\"elementor-element elementor-element-92ea11d elementor-widget elementor-widget-text-editor\" data-id=\"92ea11d\" data-element_type=\"widget\" data-e-type=\"widget\" data-widget_type=\"text-editor.default\">\n\t\t\t\t<div class=\"elementor-widget-container\">\n\t\t\t\t\t\t\t\t\t<p style=\"text-align: left;\"><small><em>Cet article a \u00e9t\u00e9 mis \u00e0 jour le 13\/05\/2022<\/em><\/small><\/p>\t\t\t\t\t\t\t\t<\/div>\n\t\t\t\t<\/div>\n\t\t\t\t<div class=\"elementor-element elementor-element-cdefbb9 elementor-widget elementor-widget-heading\" data-id=\"cdefbb9\" data-element_type=\"widget\" data-e-type=\"widget\" data-widget_type=\"heading.default\">\n\t\t\t\t<div class=\"elementor-widget-container\">\n\t\t\t\t\t<h2 class=\"elementor-heading-title elementor-size-default\">Les chiffres de r\u00e9f\u00e9rence sur le handicap\n<\/h2>\t\t\t\t<\/div>\n\t\t\t\t<\/div>\n\t\t\t\t<div class=\"elementor-element elementor-element-95a7538 elementor-widget elementor-widget-text-editor\" data-id=\"95a7538\" data-element_type=\"widget\" data-e-type=\"widget\" data-widget_type=\"text-editor.default\">\n\t\t\t\t<div class=\"elementor-widget-container\">\n\t\t\t\t\t\t\t\t\t<p>D\u2019apr\u00e8s le <a href=\"https:\/\/www.unicef.fr\/sites\/default\/files\/userfiles\/rapport_mondial_handicap_oms_2012.pdf\" target=\"_blank\" rel=\"noopener\">Rapport mondial sur le handicap publi\u00e9 par l\u2019OMS et la Banque Mondiale en 2011<\/a>, <b>plus d\u20191 milliard de personnes vivent avec un handicap<\/b> et pr\u00e8s de 200 millions d\u2019entre elles ont de tr\u00e8s grandes difficult\u00e9s fonctionnelles . C\u2019est 10% de plus qu\u2019en 1970, et<b> d\u2019ici 2030 il est estim\u00e9 que <a href=\"https:\/\/www.who.int\/fr\/news-room\/fact-sheets\/detail\/assistive-technology\" target=\"_blank\" rel=\"noopener\">plus de 2 milliards de personnes<\/a> auront besoin d\u2019assistances technologiques<\/b>.\u00a0<\/p><p>Comment l\u2019expliquer ? Ce sont les cons\u00e9quences du <a href=\"https:\/\/www.who.int\/fr\/news-room\/fact-sheets\/detail\/disability-and-health\" target=\"_blank\" rel=\"noopener\">vieillissement mondial de la population et de l\u2019augmentation de la pr\u00e9valence des maladies chroniques<\/a>. Effectivement, les personnes \u00e2g\u00e9es ont un risque de handicap plus \u00e9lev\u00e9, et les maladies peuvent provoquer des infirmit\u00e9s, <a href=\"http:\/\/ceed-diabete.org\/fr\/le-diabete\/les-chiffres\/#:~:text=Les%20complications%20du%20diab%C3%A8te%20en,pied%20ou%20de%20la%20jambe.\" target=\"_blank\" rel=\"noopener\">comme le diab\u00e8te<\/a>, qui multiplie par 8 le risque d\u2019amputation.\u00a0<\/p><p>Devenu une r\u00e9f\u00e9rence, ce rapport de l\u2019OMS a permis d\u2019\u00e9tablir l\u2019\u00e9tat des lieux du handicap dans le monde et une meilleure compr\u00e9hension des probl\u00e9matiques associ\u00e9es.<\/p><p>Cependant, encore aujourd\u2019hui il est compliqu\u00e9 d\u2019obtenir des donn\u00e9es pr\u00e9cises sur le handicap.<\/p>\t\t\t\t\t\t\t\t<\/div>\n\t\t\t\t<\/div>\n\t\t\t\t<div class=\"elementor-element elementor-element-99bb340 elementor-widget elementor-widget-heading\" data-id=\"99bb340\" data-element_type=\"widget\" data-e-type=\"widget\" data-widget_type=\"heading.default\">\n\t\t\t\t<div class=\"elementor-widget-container\">\n\t\t\t\t\t<h2 class=\"elementor-heading-title elementor-size-default\">Des donn\u00e9es incompl\u00e8tes \u00e0 l\u2019\u00e9chelle mondiale\n<\/h2>\t\t\t\t<\/div>\n\t\t\t\t<\/div>\n\t\t\t\t<div class=\"elementor-element elementor-element-cf752e9 elementor-widget elementor-widget-text-editor\" data-id=\"cf752e9\" data-element_type=\"widget\" data-e-type=\"widget\" data-widget_type=\"text-editor.default\">\n\t\t\t\t<div class=\"elementor-widget-container\">\n\t\t\t\t\t\t\t\t\t<p>En 2021, malgr\u00e9 les nombreuses \u00e9tudes sur le sujet, il est difficile d\u2019avoir une vision pr\u00e9cise sur les chiffres du handicap dans le monde. Il n\u2019existe pas de consensus sur les d\u00e9finitions, ni d\u2019informations sur l\u2019incidence et la pr\u00e9valence comparables entre les pays. Cela rend d\u00e9licat l&#8217;\u00e9tablissement d\u2019un constat mondial chiffr\u00e9 sur le handicap.<\/p>\n<p>De plus, il existe un tr\u00e8s important <b>manque de prise en charge et d\u2019accompagnement du handicap<\/b> et cette carence est d\u2019autant <b>plus observ\u00e9e dans les pays en d\u00e9veloppement.<\/b><\/p>\n<p>En effet, on observe de fortes disparit\u00e9s \u00e0 travers les diff\u00e9rentes r\u00e9gions du monde.&nbsp;<\/p>\n<p><a href=\"https:\/\/apps.who.int\/iris\/bitstream\/handle\/10665\/254650\/9789242509618-fre.pdf\" target=\"_blank\" rel=\"noopener\">80 % des personnes handicap\u00e9es<\/a> et <a href=\"https:\/\/static1.squarespace.com\/static\/5b3f6ff1710699a7ebb64495\/t\/5c7fec5c53450a727c4f8a00\/1551887455183\/ATscale_Strategy+Overview_February+2019.pdf\" target=\"_blank\" rel=\"noopener\">95% des enfants souffrant de troubles du d\u00e9veloppement<\/a> vivent dans les pays \u00e0 faibles et moyens revenus.<\/p>\n<p>Pourtant, l\u2019acc\u00e8s aux aides techniques y est plus difficile que dans les pays \u00e0 hauts revenus en raison d\u2019<b>une p\u00e9nurie de main-d&#8217;\u0153uvre dans le domaine des technologies d&#8217;assistance<\/b>. Les personnes en situation de handicap ne sont donc pas suffisamment prises en charge, cela peut entra\u00eener leur exclusion, les condamner \u00e0 l\u2019isolement et \u00e0 la pauvret\u00e9. Le manque de personnels et de structures adapt\u00e9es dans certaines r\u00e9gions emp\u00eache le recensement et la consid\u00e9ration de ces personnes comme porteuses de handicap.&nbsp;<\/p>\n<p>Les chiffres pourraient, par cons\u00e9quent, parfois \u00eatre <b>sous-estim\u00e9s.<\/b><\/p>\n<p><b>Lors de notre travail de recherche, nous avons constat\u00e9 qu\u2019il existe d\u2019\u00e9normes \u00e9carts entre les diff\u00e9rentes sources et l\u2019impossibilit\u00e9, \u00e0 notre \u00e9chelle, de v\u00e9rifier leur fiabilit\u00e9<\/b>. \u00c0 noter qu\u2019il existe des \u00e9tudes de march\u00e9 payantes (\u00e0 plusieurs milliers d\u2019euros) qui contiennent peut-\u00eatre des chiffres plus pr\u00e9cis.<\/p>\t\t\t\t\t\t\t\t<\/div>\n\t\t\t\t<\/div>\n\t\t\t\t<div class=\"elementor-element elementor-element-d4a5edf elementor-widget elementor-widget-heading\" data-id=\"d4a5edf\" data-element_type=\"widget\" data-e-type=\"widget\" data-widget_type=\"heading.default\">\n\t\t\t\t<div class=\"elementor-widget-container\">\n\t\t\t\t\t<h2 class=\"elementor-heading-title elementor-size-default\">Les in\u00e9galit\u00e9s d\u2019acc\u00e8s aux aides techniques\n\n<\/h2>\t\t\t\t<\/div>\n\t\t\t\t<\/div>\n\t\t\t\t<div class=\"elementor-element elementor-element-5fcf25f elementor-widget elementor-widget-text-editor\" data-id=\"5fcf25f\" data-element_type=\"widget\" data-e-type=\"widget\" data-widget_type=\"text-editor.default\">\n\t\t\t\t<div class=\"elementor-widget-container\">\n\t\t\t\t\t\t\t\t\t<p><b>9<\/b><b> personnes sur 10 dans le besoin n\u2019ont pas acc\u00e8s \u00e0 une aide technique<\/b>, ceci s\u2019explique en partie par le<b> co\u00fbt \u00e9lev\u00e9 <\/b>de ces produits. C\u2019est pourquoi, <a href=\"https:\/\/www.who.int\/features\/factfiles\/disability\/fr\/\" target=\"_blank\" rel=\"noopener\">la moiti\u00e9 des personnes en situation de handicap ne peut acc\u00e9der financi\u00e8rement aux soins de sant\u00e9<\/a>. On l\u2019explique \u00e9galement par <b>une absence de politique publique de sant\u00e9,<\/b> <b>un<\/b> <b>manque de sensibilisation, de disponibilit\u00e9, de personnel form\u00e9, de financement.<\/b><\/p><p>Le d\u00e9ficit de prise en charge est g\u00e9n\u00e9ralis\u00e9 \u00e0 toutes les formes de handicap :<\/p><p>&#8211; 200 millions de personnes malvoyantes vivent sans produits d&#8217;assistance pour la basse vision.<\/p><p>&#8211; 466 millions de personnes dans le monde souffrent d&#8217;une perte auditive et seulement 10% ont acc\u00e8s \u00e0 des aides auditives.\u00a0<\/p><p>&#8211; 75 millions de personnes ont besoin d&#8217;un fauteuil roulant et <a href=\"https:\/\/www.who.int\/fr\/news-room\/fact-sheets\/detail\/assistive-technology\" target=\"_blank\" rel=\"noopener\">seulement 5 \u00e0 15 % en sont \u00e9quip\u00e9es<\/a>.<br \/>Et bien entendu, les in\u00e9galit\u00e9s d\u2019acc\u00e8s aux aides techniques n\u2019\u00e9pargnent pas les personnes amput\u00e9es.<\/p>\t\t\t\t\t\t\t\t<\/div>\n\t\t\t\t<\/div>\n\t\t\t\t<div class=\"elementor-element elementor-element-8f95be7 elementor-widget elementor-widget-text-editor\" data-id=\"8f95be7\" data-element_type=\"widget\" data-e-type=\"widget\" data-widget_type=\"text-editor.default\">\n\t\t\t\t<div class=\"elementor-widget-container\">\n\t\t\t\t\t\t\t\t\t<span style=\"color: #0098da;\"><b><i>Zoom sur quelques chiffres autour du handicap du membre sup\u00e9rieur<\/i><\/b><\/span>\t\t\t\t\t\t\t\t<\/div>\n\t\t\t\t<\/div>\n\t\t\t\t<div class=\"elementor-element elementor-element-7820624 elementor-widget elementor-widget-text-editor\" data-id=\"7820624\" data-element_type=\"widget\" data-e-type=\"widget\" data-widget_type=\"text-editor.default\">\n\t\t\t\t<div class=\"elementor-widget-container\">\n\t\t\t\t\t\t\t\t\t<p><span style=\"font-weight: 400;\">Chez ORTHOPUS, nous concevons<\/span><b> des solutions pour le membre sup\u00e9rieur, <\/b>plus pr\u00e9cis\u00e9ment <a style=\"font-weight: bold;\" href=\"https:\/\/orthopus.com\/assistants-robotiques\/\"><span style=\"font-weight: 400;\">une gamme d\u2019assistants robotiques<\/span><\/a><span style=\"font-weight: 400;\">. Nous allons donc nous int\u00e9resser plus pr\u00e9cis\u00e9ment aux chiffres relatifs aux typologies de handicap qui peuvent avoir un impact sur les bras.<\/span><\/p>\t\t\t\t\t\t\t\t<\/div>\n\t\t\t\t<\/div>\n\t\t\t\t<div class=\"elementor-element elementor-element-bafb06d elementor-widget elementor-widget-text-editor\" data-id=\"bafb06d\" data-element_type=\"widget\" data-e-type=\"widget\" data-widget_type=\"text-editor.default\">\n\t\t\t\t<div class=\"elementor-widget-container\">\n\t\t\t\t\t\t\t\t\t<span style=\"color: #0098da;\"><b><i>Les maladies neuromusculaires et les maladies rares<\/i><\/b><\/span>\t\t\t\t\t\t\t\t<\/div>\n\t\t\t\t<\/div>\n\t\t\t\t<section class=\"elementor-section elementor-inner-section elementor-element elementor-element-6defee8 elementor-section-boxed elementor-section-height-default elementor-section-height-default\" data-id=\"6defee8\" data-element_type=\"section\" data-e-type=\"section\" data-settings=\"{&quot;jet_parallax_layout_list&quot;:[]}\">\n\t\t\t\t\t\t<div class=\"elementor-container elementor-column-gap-no\">\n\t\t\t\t\t<div class=\"elementor-column elementor-col-33 elementor-inner-column elementor-element elementor-element-7b04878\" data-id=\"7b04878\" data-element_type=\"column\" data-e-type=\"column\">\n\t\t\t<div class=\"elementor-widget-wrap\">\n\t\t\t\t\t\t\t<\/div>\n\t\t<\/div>\n\t\t\t\t<div class=\"elementor-column elementor-col-66 elementor-inner-column elementor-element elementor-element-52a1902\" data-id=\"52a1902\" data-element_type=\"column\" data-e-type=\"column\">\n\t\t\t<div class=\"elementor-widget-wrap elementor-element-populated\">\n\t\t\t\t\t\t<div class=\"elementor-element elementor-element-26439e4 elementor-widget elementor-widget-text-editor\" data-id=\"26439e4\" data-element_type=\"widget\" data-e-type=\"widget\" data-widget_type=\"text-editor.default\">\n\t\t\t\t<div class=\"elementor-widget-container\">\n\t\t\t\t\t\t\t\t\t<p><strong>La perte de mobilit\u00e9 du bras est souvent due \u00e0 une maladie neuromusculaire. <\/strong><\/p><p><span style=\"font-weight: 400;\">Le <a href=\"https:\/\/www.chu-bordeaux.fr\/Patient-proches\/Maladies-rares\/Maladies-neuromusculaires\/#:~:text=Les%20maladies%20neuromusculaires%20sont%20des,les%20enfants%20que%20les%20adultes.\">CHU de Bordeaux<\/a> d\u00e9finit ces pathologies comme <\/span><span style=\"font-weight: 400;\">\u201cdes <strong>pathologies du muscle ou de sa commande nerveuse<\/strong>. L&#8217;unit\u00e9 motrice (constitu\u00e9e par le muscle, la jonction nerf\/muscle et le nerf) fonctionne mal et le muscle ne peut pas se contracter normalement. Ces maladies concernent tant les enfants que les adultes.\u201d. \u00a0<\/span><span style=\"font-weight: 400;\">Et la plupart de ces maladies neuromusculaires sont des <strong>maladies rares<\/strong>. <\/span><span style=\"font-weight: 400;\">\u201cLes maladies sont dites rares lorsqu\u2019elles touchent <a href=\"https:\/\/solidarites-sante.gouv.fr\/soins-et-maladies\/prises-en-charge-specialisees\/maladies-rares\/article\/les-maladies-rares\"><strong>une personne sur 2 000<\/strong><\/a>, soit pour la France moins de 30 000 malades par pathologie.\u201c<\/span><\/p><p><span style=\"font-weight: 400;\">En plus d\u2019\u00eatre rare, chaque pathologie est diff\u00e9rente en fonction des patients. Les \u00e9volutions sont propres \u00e0 chaque cas. Les maladies rares sont de ce fait <strong>tr\u00e8s difficiles \u00e0 diagnostiquer et \u00e0 prendre en charge<\/strong>. Le d\u00e9lai moyen pour poser un diagnostic en France est aujourd\u2019hui de <\/span><a href=\"https:\/\/solidarites-sante.gouv.fr\/IMG\/pdf\/plan_national_maladies_rares_2018-2022.pdf\"><span style=\"font-weight: 400;\">1,5 an et de plus de 5 ans pour 25% des personnes atteintes.\u00a0\u00a0<\/span><\/a><\/p><p><span style=\"font-weight: 400;\">Ces pathologies ont des r\u00e9percussions sur l\u2019activit\u00e9 physique du malade et peuvent par cons\u00e9quent limiter la vie sociale et la citoyennet\u00e9.<\/span><\/p><p><span style=\"font-weight: 400;\">Le rapport <\/span><a href=\"https:\/\/www.nature.com\/articles\/s41431-019-0508-0\"><span style=\"font-weight: 400;\">European Journal of Human Genetics<\/span><\/a><span style=\"font-weight: 400;\">, est une des \u00e9tudes les plus pr\u00e9cises au sujet des maladies rares. Elle a statu\u00e9 que dans le monde, plus de <a href=\"https:\/\/www.nature.com\/articles\/s41431-019-0508-0\"><strong>300 millions de personnes vivent avec une maladie rare<\/strong><\/a>, ce qui repr\u00e9sente <strong><a href=\"https:\/\/www.nature.com\/articles\/s41431-019-0508-0\">4% de la population<\/a><\/strong><\/span><span style=\"font-weight: 400;\">. En France, les personnes touch\u00e9es se comptent au nombre de<a href=\"https:\/\/solidarites-sante.gouv.fr\/soins-et-maladies\/prises-en-charge-specialisees\/maladies-rares\/article\/les-maladies-rares#:~:text=Les%20maladies%20sont%20dites%20rares,millions%20de%20personnes%20en%20Europe.\"> 3 millions et repr\u00e9sentent 4,5 % de la population.\u00a0<\/a><\/span><span style=\"font-weight: 400;\">Aujourd\u2019hui les maladies rares identifi\u00e9es sont plus de <a href=\"https:\/\/solidarites-sante.gouv.fr\/soins-et-maladies\/prises-en-charge-specialisees\/maladies-rares\/article\/les-maladies-rares#:~:text=Les%20maladies%20sont%20dites%20rares,millions%20de%20personnes%20en%20Europe.\">7000<\/a>. Nous savons que leur origine est g\u00e9n\u00e9tique dans <a href=\"https:\/\/presse.inserm.fr\/maladies-rares-plus-de-300-millions-de-patients-dans-le-monde\/36980\/#:~:text=Scl%C3%A9rodermie%20syst%C3%A9mique%2C%20polyglobulie%20de%20Vaquez,ce%20sont%20des%20maladies%20rares.\">72%<\/a> des cas, et <a href=\"https:\/\/presse.inserm.fr\/maladies-rares-plus-de-300-millions-de-patients-dans-le-monde\/36980\/#:~:text=Scl%C3%A9rodermie%20syst%C3%A9mique%2C%20polyglobulie%20de%20Vaquez,ce%20sont%20des%20maladies%20rares.\">70%<\/a> se manifestent d\u00e8s l\u2019enfance.<\/span><\/p>\t\t\t\t\t\t\t\t<\/div>\n\t\t\t\t<\/div>\n\t\t\t\t\t<\/div>\n\t\t<\/div>\n\t\t\t\t\t<\/div>\n\t\t<\/section>\n\t\t\t\t<div class=\"elementor-element elementor-element-2e5792c elementor-widget elementor-widget-spacer\" data-id=\"2e5792c\" data-element_type=\"widget\" data-e-type=\"widget\" data-widget_type=\"spacer.default\">\n\t\t\t\t<div class=\"elementor-widget-container\">\n\t\t\t\t\t\t\t<div class=\"elementor-spacer\">\n\t\t\t<div class=\"elementor-spacer-inner\"><\/div>\n\t\t<\/div>\n\t\t\t\t\t\t<\/div>\n\t\t\t\t<\/div>\n\t\t\t\t<div class=\"elementor-element elementor-element-6249ace elementor-widget elementor-widget-text-editor\" data-id=\"6249ace\" data-element_type=\"widget\" data-e-type=\"widget\" data-widget_type=\"text-editor.default\">\n\t\t\t\t<div class=\"elementor-widget-container\">\n\t\t\t\t\t\t\t\t\t<span style=\"color: #0098da;\"><b><i>L&#8217;amputation du membre sup\u00e9rieur<\/i><\/b><\/span>\t\t\t\t\t\t\t\t<\/div>\n\t\t\t\t<\/div>\n\t\t\t\t<section class=\"elementor-section elementor-inner-section elementor-element elementor-element-c91bd45 elementor-section-boxed elementor-section-height-default elementor-section-height-default\" data-id=\"c91bd45\" data-element_type=\"section\" data-e-type=\"section\" data-settings=\"{&quot;jet_parallax_layout_list&quot;:[]}\">\n\t\t\t\t\t\t<div class=\"elementor-container elementor-column-gap-default\">\n\t\t\t\t\t<div class=\"elementor-column elementor-col-50 elementor-inner-column elementor-element elementor-element-066d018\" data-id=\"066d018\" data-element_type=\"column\" data-e-type=\"column\">\n\t\t\t<div class=\"elementor-widget-wrap\">\n\t\t\t\t\t\t\t<\/div>\n\t\t<\/div>\n\t\t\t\t<div class=\"elementor-column elementor-col-50 elementor-inner-column elementor-element elementor-element-ea3a71a\" data-id=\"ea3a71a\" data-element_type=\"column\" data-e-type=\"column\">\n\t\t\t<div class=\"elementor-widget-wrap elementor-element-populated\">\n\t\t\t\t\t\t<div class=\"elementor-element elementor-element-04c12a5 elementor-widget elementor-widget-text-editor\" data-id=\"04c12a5\" data-element_type=\"widget\" data-e-type=\"widget\" data-widget_type=\"text-editor.default\">\n\t\t\t\t<div class=\"elementor-widget-container\">\n\t\t\t\t\t\t\t\t\t<p>D&#8217;un autre c\u00f4t\u00e9, on estime que <a href=\"https:\/\/static1.squarespace.com\/static\/5b3f6ff1710699a7ebb64495\/t\/5f75fe9a9993bf06c4e0ef21\/1601568464902\/PN_Prostheses_a11y_final.pdf\" target=\"_blank\" rel=\"noopener\"><b>1,5 million de personnes sont amput\u00e9es chaque ann\u00e9e<\/b><\/a> dans le monde et <a href=\"https:\/\/www.adepa.fr\/autour-de-lamputation\/niveaux-damputation\/membre-superieur\/#:~:text=Les%20amput%C3%A9s%20du%20membre%20sup%C3%A9rieur,8%20000%20et%2015%20000\" target=\"_blank\" rel=\"noopener\">15% de ces amputations concernent le membre sup\u00e9rieur<\/a>.<\/p><p><b>65 millions de personnes vivent avec une amputation<\/b>. <a href=\"https:\/\/advancedamputees.com\/amputee-statistics-you-ought-know\" target=\"_blank\" rel=\"noopener\">Les principales causes d\u2019une amputation<\/a> sont les maladies vasculaires (54%), y compris le diab\u00e8te et les maladies art\u00e9rielles p\u00e9riph\u00e9riques, les traumatismes (45%) et le cancer (moins de 2%).<\/p><p><a href=\"https:\/\/static1.squarespace.com\/static\/5b3f6ff1710699a7ebb64495\/t\/5f75fe9a9993bf06c4e0ef21\/1601568464902\/PN_Prostheses_a11y_final.pdf\" target=\"_blank\" rel=\"noopener\">40% des amputations caus\u00e9es par un traumatisme<\/a> sont des amputations du membre sup\u00e9rieur (<a href=\"https:\/\/journals.sagepub.com\/doi\/abs\/10.1177\/0309364620972258\" target=\"_blank\" rel=\"noopener\">19,6% d\u2019amputations unilat\u00e9rales et 19,1% bilat\u00e9rales<\/a>).<\/p><p>L&#8217;OMS estime que <b>seuls 5 \u00e0 15 % des amput\u00e9s ayant besoin de proth\u00e8ses dans les pays \u00e0 faible et moyen revenu y ont acc\u00e8s<\/b>.\u00a0<\/p><p><span style=\"font-weight: 400;\">Gr\u00e2ce \u00e0 ces chiffres, on se rend compte que les in\u00e9galit\u00e9s d\u2019acc\u00e8s aux aides techniques perdurent : ce sont plus d\u20191 milliards de personnes et leur entourage qui sont touch\u00e9s par les in\u00e9galit\u00e9s sociales qu\u2019elles impliquent. Il existe pourtant plusieurs <\/span><a href=\"https:\/\/orthopus.com\/5-raisons-de-sequiper-dune-aide-technique-membre-superieur\/\"><span style=\"font-weight: 400;\">raisons qui justifient l\u2019\u00e9quipement d\u2019une aide technique<\/span><\/a><span style=\"font-weight: 400;\">. Malgr\u00e9 le travail extraordinaire de l\u2019OMS et des autres organisations d\u00e9vou\u00e9es au handicap, on estime encore trop mal les besoins r\u00e9els des personnes en situation de handicap dans le monde. Chez ORTHOPUS nous souhaitons apporter notre pierre \u00e0 l\u2019\u00e9difice, en permettant d\u2019<\/span><b>am\u00e9liorer la qualit\u00e9 de vie d\u2019un maximum de personnes \u00e0 mobilit\u00e9 r\u00e9duite.<\/b><\/p>\t\t\t\t\t\t\t\t<\/div>\n\t\t\t\t<\/div>\n\t\t\t\t\t<\/div>\n\t\t<\/div>\n\t\t\t\t\t<\/div>\n\t\t<\/section>\n\t\t\t\t<div class=\"elementor-element elementor-element-e915ea7 elementor-widget elementor-widget-image\" data-id=\"e915ea7\" data-element_type=\"widget\" data-e-type=\"widget\" data-widget_type=\"image.default\">\n\t\t\t\t<div class=\"elementor-widget-container\">\n\t\t\t\t\t\t\t\t\t\t\t\t<figure class=\"wp-caption\">\n\t\t\t\t\t\t\t\t\t\t\t<a href=\"\">\n\t\t\t\t\t\t\t<img fetchpriority=\"high\" decoding=\"async\" width=\"400\" height=\"400\" src=\"https:\/\/orthopus.com\/wp-content\/uploads\/2021\/03\/WHO-Access-to-assistive-technology-400x400.png\" class=\"attachment-kava-thumb-m size-kava-thumb-m wp-image-2753\" alt=\"WHO, Policy brief: Access to assistive technology, May 2020\" srcset=\"https:\/\/orthopus.com\/wp-content\/uploads\/2021\/03\/WHO-Access-to-assistive-technology-400x400.png 400w, https:\/\/orthopus.com\/wp-content\/uploads\/2021\/03\/WHO-Access-to-assistive-technology-150x150.png 150w, https:\/\/orthopus.com\/wp-content\/uploads\/2021\/03\/WHO-Access-to-assistive-technology-230x230.png 230w, https:\/\/orthopus.com\/wp-content\/uploads\/2021\/03\/WHO-Access-to-assistive-technology-640x640.png 640w\" sizes=\"(max-width: 400px) 100vw, 400px\" \/>\t\t\t\t\t\t\t\t<\/a>\n\t\t\t\t\t\t\t\t\t\t\t<figcaption class=\"widget-image-caption wp-caption-text\">WHO, Policy brief: Access to assistive technology, May 2020<\/figcaption>\n\t\t\t\t\t\t\t\t\t\t<\/figure>\n\t\t\t\t\t\t\t\t\t<\/div>\n\t\t\t\t<\/div>\n\t\t\t\t<div class=\"elementor-element elementor-element-29b5136 elementor-widget elementor-widget-text-editor\" data-id=\"29b5136\" data-element_type=\"widget\" data-e-type=\"widget\" data-widget_type=\"text-editor.default\">\n\t\t\t\t<div class=\"elementor-widget-container\">\n\t\t\t\t\t\t\t\t\t<p><b>La mission d\u2019ORTHOPUS<\/b><\/p>\t\t\t\t\t\t\t\t<\/div>\n\t\t\t\t<\/div>\n\t\t\t\t<div class=\"elementor-element elementor-element-a5609c5 elementor-widget elementor-widget-text-editor\" data-id=\"a5609c5\" data-element_type=\"widget\" data-e-type=\"widget\" data-widget_type=\"text-editor.default\">\n\t\t\t\t<div class=\"elementor-widget-container\">\n\t\t\t\t\t\t\t\t\t<p><span style=\"font-weight: 400;\">Frapp\u00e9 par ce constat du manque d&#8217;accessibilit\u00e9 des technologies d\u2019assistances, ORTHOPUS se positionne sur le d\u00e9veloppement de<\/span><a href=\"https:\/\/orthopus.com\/assistants-robotiques\/\" target=\"_blank\" rel=\"noopener\"><b> solutions \u00e0 prix justes et transparents<\/b><\/a><span style=\"font-weight: 400;\">.<br \/>Notre <a href=\"https:\/\/orthopus.com\/mission\/\">mission<\/a> ? Faire baisser les prix des <\/span><span style=\"font-weight: 400;\">aides techniques au handicap pour permettre \u00e0 celles et ceux qui en ont besoin de s&#8217;\u00e9quiper.<br \/><br \/><\/span><\/p>\t\t\t\t\t\t\t\t<\/div>\n\t\t\t\t<\/div>\n\t\t\t\t<div class=\"elementor-element elementor-element-b8abe23 elementor-widget elementor-widget-text-editor\" data-id=\"b8abe23\" data-element_type=\"widget\" data-e-type=\"widget\" data-widget_type=\"text-editor.default\">\n\t\t\t\t<div class=\"elementor-widget-container\">\n\t\t\t\t\t\t\t\t\t<p><strong>NOS SOURCES :<\/strong><\/p><ul><li>Organisation Mondiale de la Sant\u00e9, <a href=\"https:\/\/www.unicef.fr\/sites\/default\/files\/userfiles\/rapport_mondial_handicap_oms_2012.pdf\" target=\"_blank\" rel=\"noopener\">\u201cRapport mondial sur le handicap 2011\u201d<\/a><\/li><li>Organisation Mondiale de la Sant\u00e9, <a href=\"https:\/\/www.who.int\/fr\/news-room\/fact-sheets\/detail\/assistive-technology\" target=\"_blank\" rel=\"noopener\">\u201cTechnologie d\u2019assistance\u201d<\/a>, 15 mai 2018<\/li><li>Organisation Mondiale de la Sant\u00e9, <a href=\"https:\/\/www.who.int\/fr\/news-room\/fact-sheets\/detail\/disability-and-health\" target=\"_blank\" rel=\"noopener\">\u201cHandicap et Sant\u00e9\u201d<\/a>, 1 d\u00e9cembre 2020<\/li><li>CEED, <a href=\"http:\/\/ceed-diabete.org\/fr\/le-diabete\/les-chiffres\/#:~:text=Les%20complications%20du%20diab%C3%A8te%20en,pied%20ou%20de%20la%20jambe\" target=\"_blank\" rel=\"noopener\">\u201cLes Chiffres du Diab\u00e8te\u201d<\/a><\/li><li>Organisation Mondiale de la Sant\u00e9, <a href=\"https:\/\/apps.who.int\/iris\/bitstream\/handle\/10665\/254650\/9789242509618-fre.pdf\" target=\"_blank\" rel=\"noopener\">\u201cProjet de plan d\u2019action mondial de l\u2019OMS relatif au handicap 2014-2021\u201d<\/a><\/li><li>ATscale, <a href=\"https:\/\/static1.squarespace.com\/static\/5b3f6ff1710699a7ebb64495\/t\/5c7fec5c53450a727c4f8a00\/1551887455183\/ATscale_Strategy+Overview_February+2019.pdf\" target=\"_blank\" rel=\"noopener\">\u201cStrategy Overview\u201d<\/a> February 2019<\/li><li>Organisation Mondiale de la Sant\u00e9, <a href=\"https:\/\/www.who.int\/features\/factfiles\/disability\/fr\/\" target=\"_blank\" rel=\"noopener\">\u201c10 faits sur le handicap&#8221;<\/a><\/li><li>ATscale, <a href=\"https:\/\/static1.squarespace.com\/static\/5b3f6ff1710699a7ebb64495\/t\/5f75fe9a9993bf06c4e0ef21\/1601568464902\/PN_Prostheses_a11y_final.pdf\" target=\"_blank\" rel=\"noopener\">\u201cProduct Narrative : Prostheses\u201d<\/a> April 2020<\/li><li><a href=\"https:\/\/www.adepa.fr\/autour-de-lamputation\/niveaux-damputation\/membre-superieur\/#:~:text=Les%20amput%C3%A9s%20du%20membre%20sup%C3%A9rieur,8%20000%20et%2015%20000\" target=\"_blank\" rel=\"noopener\">ADEPA<\/a><\/li><li>Advanced Amputee Solutions LLC\u2122, <a href=\"https:\/\/advancedamputees.com\/amputee-statistics-you-ought-know\" target=\"_blank\" rel=\"noopener\">\u201cAmputee Statistics You Ought To Know\u201d<\/a><\/li><li>McDonald, C, Westcott-McCoy, S, et al. Global prevalence of traumatic non-fatal limb amputation. The International Society for Prosthetics and Orthotics 2020.<\/li><li>Eurordis, <a href=\"https:\/\/www.eurordis.org\/fr\/content\/treat-nmd-pour-le-traitement-des-maladies-neuromusculaires#:~:text=Les%20maladies%20neuromusculaires%20touchent%20les,de%20maladies%20neuromusculaires%20en%20Europe\" target=\"_blank\" rel=\"noopener\">\u201cTREAT-NMD: Pour le traitement des maladies neuromusculaires\u201d<\/a> Mars 2007<\/li><li>CNSA, &#8220;<a href=\"https:\/\/www.cnsa.fr\/grands-chantiers\/strategie-et-plans-nationaux\/les-schemas-et-plans-handicaps-rares-et-maladies-rares\">Les sch\u00e9mas et plans handicaps rares et maladies rares&#8221;<\/a><\/li><li>Minist\u00e8res des solidarit\u00e9s et de la sant\u00e9, <a href=\"https:\/\/solidarites-sante.gouv.fr\/soins-et-maladies\/prises-en-charge-specialisees\/maladies-rares\/article\/les-maladies-rares#:~:text=Les%20maladies%20sont%20dites%20rares,millions%20de%20personnes%20en%20Europe.\">&#8220;Rapports d&#8217;activit\u00e9 des fili\u00e8res de sant\u00e9 maladies rares&#8221;<\/a><\/li><li>European Journal of Human Genetics, <a href=\"https:\/\/www.nature.com\/articles\/s41431-019-0508-0\">&#8220;Estimating cumulative point prevalence of rare diseases: analysis of the Orphanet base&#8221;<\/a><\/li><li>Minist\u00e8re de la sant\u00e9 et de la sant\u00e9, <a href=\"https:\/\/solidarites-sante.gouv.fr\/IMG\/pdf\/plan_national_maladies_rares_2018-2022.pdf\">&#8220;Plan national maladies rares&#8221;<\/a><\/li><\/ul>\t\t\t\t\t\t\t\t<\/div>\n\t\t\t\t<\/div>\n\t\t\t\t\t<\/div>\n\t\t<\/div>\n\t\t\t\t\t<\/div>\n\t\t<\/section>\n\t\t\t\t<\/div>\n\t\t","protected":false},"excerpt":{"rendered":"<p>Les chiffres repr\u00e9sentent de formidables indicateurs pour comprendre et mesurer les probl\u00e9matiques de sant\u00e9. Dans le but de mieux estimer les besoins des personnes en situation de handicap, nous avons souhait\u00e9 dresser un \u00e9tat des lieux des chiffres sur ce sujet. <\/p>\n","protected":false},"author":9,"featured_media":2748,"comment_status":"open","ping_status":"closed","sticky":false,"template":"","format":"standard","meta":{"_jet_sm_ready_style":"","_jet_sm_style":"","_jet_sm_controls_values":"","_jet_sm_fonts_collection":"","_jet_sm_fonts_links":"","footnotes":""},"categories":[140,229],"tags":[99,150,181,101,100,61,59,178,180,179],"class_list":["post-2747","post","type-post","status-publish","format-standard","has-post-thumbnail","hentry","category-ressource","category-sante-solidaire","tag-aide-technique","tag-aides-techniques","tag-assistants-robotiques","tag-chiffres-du-handicap","tag-handicap","tag-handicap-moteur","tag-maladie-neuromusculaire","tag-maladie-rare","tag-mobilite-du-bras","tag-pathologie"],"yoast_head":"<!-- This site is optimized with the Yoast SEO plugin v27.4 - https:\/\/yoast.com\/product\/yoast-seo-wordpress\/ -->\n<title>Ce que nous disent les chiffres du handicap dans le monde - ORTHOPUS<\/title>\n<meta name=\"description\" content=\"Dans le but de mieux estimer les besoins des personnes en situation de handicap dans le monde, nous avons souhait\u00e9 dresser un \u00e9tat des lieux des chiffres existants.\" \/>\n<meta name=\"robots\" content=\"index, follow, max-snippet:-1, max-image-preview:large, max-video-preview:-1\" \/>\n<link rel=\"canonical\" href=\"https:\/\/orthopus.com\/global-figures-on-disability\/\" \/>\n<meta property=\"og:locale\" content=\"fr_FR\" \/>\n<meta property=\"og:type\" content=\"article\" \/>\n<meta property=\"og:title\" content=\"Ce que nous disent les chiffres du handicap dans le monde - ORTHOPUS\" \/>\n<meta property=\"og:description\" content=\"Dans le but de mieux estimer les besoins des personnes en situation de handicap dans le monde, nous avons souhait\u00e9 dresser un \u00e9tat des lieux des chiffres existants.\" \/>\n<meta property=\"og:url\" content=\"https:\/\/orthopus.com\/global-figures-on-disability\/\" \/>\n<meta property=\"og:site_name\" content=\"ORTHOPUS\" \/>\n<meta property=\"article:published_time\" content=\"2021-03-16T10:31:44+00:00\" \/>\n<meta property=\"article:modified_time\" content=\"2023-02-28T15:47:40+00:00\" \/>\n<meta property=\"og:image\" content=\"https:\/\/orthopus.com\/wp-content\/uploads\/2021\/03\/capturevideoanimation2.png\" \/>\n\t<meta property=\"og:image:width\" content=\"1000\" \/>\n\t<meta property=\"og:image:height\" content=\"667\" \/>\n\t<meta property=\"og:image:type\" content=\"image\/png\" \/>\n<meta name=\"author\" content=\"Mona\" \/>\n<meta name=\"twitter:card\" content=\"summary_large_image\" \/>\n<meta name=\"twitter:label1\" content=\"\u00c9crit par\" \/>\n\t<meta name=\"twitter:data1\" content=\"Mona\" \/>\n\t<meta name=\"twitter:label2\" content=\"Dur\u00e9e de lecture estim\u00e9e\" \/>\n\t<meta name=\"twitter:data2\" content=\"7 minutes\" \/>\n<script type=\"application\/ld+json\" class=\"yoast-schema-graph\">{\"@context\":\"https:\\\/\\\/schema.org\",\"@graph\":[{\"@type\":\"Article\",\"@id\":\"https:\\\/\\\/orthopus.com\\\/global-figures-on-disability\\\/#article\",\"isPartOf\":{\"@id\":\"https:\\\/\\\/orthopus.com\\\/global-figures-on-disability\\\/\"},\"author\":{\"name\":\"Mona\",\"@id\":\"https:\\\/\\\/orthopus.com\\\/#\\\/schema\\\/person\\\/8441a77cd59009919fdd8fbf3264c72e\"},\"headline\":\"Ce que nous disent les chiffres du handicap dans le monde\",\"datePublished\":\"2021-03-16T10:31:44+00:00\",\"dateModified\":\"2023-02-28T15:47:40+00:00\",\"mainEntityOfPage\":{\"@id\":\"https:\\\/\\\/orthopus.com\\\/global-figures-on-disability\\\/\"},\"wordCount\":1541,\"commentCount\":0,\"publisher\":{\"@id\":\"https:\\\/\\\/orthopus.com\\\/#organization\"},\"image\":{\"@id\":\"https:\\\/\\\/orthopus.com\\\/global-figures-on-disability\\\/#primaryimage\"},\"thumbnailUrl\":\"https:\\\/\\\/orthopus.com\\\/wp-content\\\/uploads\\\/2021\\\/03\\\/capturevideoanimation2.png\",\"keywords\":[\"aide technique\",\"aides techniques\",\"assistants robotiques\",\"chiffres du handicap\",\"handicap\",\"handicap moteur\",\"maladie neuromusculaire\",\"maladie rare\",\"mobilit\u00e9 du bras\",\"pathologie\"],\"articleSection\":[\"Ressource\",\"Sant\u00e9 solidaire\"],\"inLanguage\":\"fr-FR\",\"potentialAction\":[{\"@type\":\"CommentAction\",\"name\":\"Comment\",\"target\":[\"https:\\\/\\\/orthopus.com\\\/global-figures-on-disability\\\/#respond\"]}]},{\"@type\":\"WebPage\",\"@id\":\"https:\\\/\\\/orthopus.com\\\/global-figures-on-disability\\\/\",\"url\":\"https:\\\/\\\/orthopus.com\\\/global-figures-on-disability\\\/\",\"name\":\"Ce que nous disent les chiffres du handicap dans le monde - ORTHOPUS\",\"isPartOf\":{\"@id\":\"https:\\\/\\\/orthopus.com\\\/#website\"},\"primaryImageOfPage\":{\"@id\":\"https:\\\/\\\/orthopus.com\\\/global-figures-on-disability\\\/#primaryimage\"},\"image\":{\"@id\":\"https:\\\/\\\/orthopus.com\\\/global-figures-on-disability\\\/#primaryimage\"},\"thumbnailUrl\":\"https:\\\/\\\/orthopus.com\\\/wp-content\\\/uploads\\\/2021\\\/03\\\/capturevideoanimation2.png\",\"datePublished\":\"2021-03-16T10:31:44+00:00\",\"dateModified\":\"2023-02-28T15:47:40+00:00\",\"description\":\"Dans le but de mieux estimer les besoins des personnes en situation de handicap dans le monde, nous avons souhait\u00e9 dresser un \u00e9tat des lieux des chiffres existants.\",\"breadcrumb\":{\"@id\":\"https:\\\/\\\/orthopus.com\\\/global-figures-on-disability\\\/#breadcrumb\"},\"inLanguage\":\"fr-FR\",\"potentialAction\":[{\"@type\":\"ReadAction\",\"target\":[\"https:\\\/\\\/orthopus.com\\\/global-figures-on-disability\\\/\"]}]},{\"@type\":\"ImageObject\",\"inLanguage\":\"fr-FR\",\"@id\":\"https:\\\/\\\/orthopus.com\\\/global-figures-on-disability\\\/#primaryimage\",\"url\":\"https:\\\/\\\/orthopus.com\\\/wp-content\\\/uploads\\\/2021\\\/03\\\/capturevideoanimation2.png\",\"contentUrl\":\"https:\\\/\\\/orthopus.com\\\/wp-content\\\/uploads\\\/2021\\\/03\\\/capturevideoanimation2.png\",\"width\":1000,\"height\":667},{\"@type\":\"BreadcrumbList\",\"@id\":\"https:\\\/\\\/orthopus.com\\\/global-figures-on-disability\\\/#breadcrumb\",\"itemListElement\":[{\"@type\":\"ListItem\",\"position\":1,\"name\":\"Accueil\",\"item\":\"https:\\\/\\\/orthopus.com\\\/fr\\\/\"},{\"@type\":\"ListItem\",\"position\":2,\"name\":\"Ce que nous disent les chiffres du handicap dans le monde\"}]},{\"@type\":\"WebSite\",\"@id\":\"https:\\\/\\\/orthopus.com\\\/#website\",\"url\":\"https:\\\/\\\/orthopus.com\\\/\",\"name\":\"ORTHOPUS\",\"description\":\"Handitech solutions for everyone\",\"publisher\":{\"@id\":\"https:\\\/\\\/orthopus.com\\\/#organization\"},\"potentialAction\":[{\"@type\":\"SearchAction\",\"target\":{\"@type\":\"EntryPoint\",\"urlTemplate\":\"https:\\\/\\\/orthopus.com\\\/?s={search_term_string}\"},\"query-input\":{\"@type\":\"PropertyValueSpecification\",\"valueRequired\":true,\"valueName\":\"search_term_string\"}}],\"inLanguage\":\"fr-FR\"},{\"@type\":\"Organization\",\"@id\":\"https:\\\/\\\/orthopus.com\\\/#organization\",\"name\":\"ORTHOPUS\",\"url\":\"https:\\\/\\\/orthopus.com\\\/\",\"logo\":{\"@type\":\"ImageObject\",\"inLanguage\":\"fr-FR\",\"@id\":\"https:\\\/\\\/orthopus.com\\\/#\\\/schema\\\/logo\\\/image\\\/\",\"url\":\"https:\\\/\\\/orthopus.com\\\/wp-content\\\/uploads\\\/2020\\\/04\\\/Logo-ORTHOPUS-support-de-bras-personnalisable.png\",\"contentUrl\":\"https:\\\/\\\/orthopus.com\\\/wp-content\\\/uploads\\\/2020\\\/04\\\/Logo-ORTHOPUS-support-de-bras-personnalisable.png\",\"width\":416,\"height\":98,\"caption\":\"ORTHOPUS\"},\"image\":{\"@id\":\"https:\\\/\\\/orthopus.com\\\/#\\\/schema\\\/logo\\\/image\\\/\"}},{\"@type\":\"Person\",\"@id\":\"https:\\\/\\\/orthopus.com\\\/#\\\/schema\\\/person\\\/8441a77cd59009919fdd8fbf3264c72e\",\"name\":\"Mona\",\"image\":{\"@type\":\"ImageObject\",\"inLanguage\":\"fr-FR\",\"@id\":\"https:\\\/\\\/secure.gravatar.com\\\/avatar\\\/b5b462af4cf5722fbd017ef55b474709ff34d6030941c8c793bf9edf5d82b670?s=96&d=mm&r=g\",\"url\":\"https:\\\/\\\/secure.gravatar.com\\\/avatar\\\/b5b462af4cf5722fbd017ef55b474709ff34d6030941c8c793bf9edf5d82b670?s=96&d=mm&r=g\",\"contentUrl\":\"https:\\\/\\\/secure.gravatar.com\\\/avatar\\\/b5b462af4cf5722fbd017ef55b474709ff34d6030941c8c793bf9edf5d82b670?s=96&d=mm&r=g\",\"caption\":\"Mona\"},\"description\":\"Sp\u00e9cialis\u00e9e dans la culture scientifique et technique depuis dix ans, Mona a une exp\u00e9rience au croisement de l\u2019\u00e9conomie sociale et solidaire, de la fabrication num\u00e9rique et du monde des fablabs. Ses comp\u00e9tences vont de la communication transmedia, \u00e0 l\u2019animation de communaut\u00e9s en passant par l\u2019\u00e9v\u00e9nementiel. Chez ORTHOPUS, elle met en \u0153uvre et anime la strat\u00e9gie communication et marketing.\",\"url\":\"https:\\\/\\\/orthopus.com\\\/fr\\\/author\\\/mona\\\/\"}]}<\/script>\n<!-- \/ Yoast SEO plugin. -->","yoast_head_json":{"title":"Ce que nous disent les chiffres du handicap dans le monde - ORTHOPUS","description":"Dans le but de mieux estimer les besoins des personnes en situation de handicap dans le monde, nous avons souhait\u00e9 dresser un \u00e9tat des lieux des chiffres existants.","robots":{"index":"index","follow":"follow","max-snippet":"max-snippet:-1","max-image-preview":"max-image-preview:large","max-video-preview":"max-video-preview:-1"},"canonical":"https:\/\/orthopus.com\/global-figures-on-disability\/","og_locale":"fr_FR","og_type":"article","og_title":"Ce que nous disent les chiffres du handicap dans le monde - ORTHOPUS","og_description":"Dans le but de mieux estimer les besoins des personnes en situation de handicap dans le monde, nous avons souhait\u00e9 dresser un \u00e9tat des lieux des chiffres existants.","og_url":"https:\/\/orthopus.com\/global-figures-on-disability\/","og_site_name":"ORTHOPUS","article_published_time":"2021-03-16T10:31:44+00:00","article_modified_time":"2023-02-28T15:47:40+00:00","og_image":[{"width":1000,"height":667,"url":"https:\/\/orthopus.com\/wp-content\/uploads\/2021\/03\/capturevideoanimation2.png","type":"image\/png"}],"author":"Mona","twitter_card":"summary_large_image","twitter_misc":{"\u00c9crit par":"Mona","Dur\u00e9e de lecture estim\u00e9e":"7 minutes"},"schema":{"@context":"https:\/\/schema.org","@graph":[{"@type":"Article","@id":"https:\/\/orthopus.com\/global-figures-on-disability\/#article","isPartOf":{"@id":"https:\/\/orthopus.com\/global-figures-on-disability\/"},"author":{"name":"Mona","@id":"https:\/\/orthopus.com\/#\/schema\/person\/8441a77cd59009919fdd8fbf3264c72e"},"headline":"Ce que nous disent les chiffres du handicap dans le monde","datePublished":"2021-03-16T10:31:44+00:00","dateModified":"2023-02-28T15:47:40+00:00","mainEntityOfPage":{"@id":"https:\/\/orthopus.com\/global-figures-on-disability\/"},"wordCount":1541,"commentCount":0,"publisher":{"@id":"https:\/\/orthopus.com\/#organization"},"image":{"@id":"https:\/\/orthopus.com\/global-figures-on-disability\/#primaryimage"},"thumbnailUrl":"https:\/\/orthopus.com\/wp-content\/uploads\/2021\/03\/capturevideoanimation2.png","keywords":["aide technique","aides techniques","assistants robotiques","chiffres du handicap","handicap","handicap moteur","maladie neuromusculaire","maladie rare","mobilit\u00e9 du bras","pathologie"],"articleSection":["Ressource","Sant\u00e9 solidaire"],"inLanguage":"fr-FR","potentialAction":[{"@type":"CommentAction","name":"Comment","target":["https:\/\/orthopus.com\/global-figures-on-disability\/#respond"]}]},{"@type":"WebPage","@id":"https:\/\/orthopus.com\/global-figures-on-disability\/","url":"https:\/\/orthopus.com\/global-figures-on-disability\/","name":"Ce que nous disent les chiffres du handicap dans le monde - ORTHOPUS","isPartOf":{"@id":"https:\/\/orthopus.com\/#website"},"primaryImageOfPage":{"@id":"https:\/\/orthopus.com\/global-figures-on-disability\/#primaryimage"},"image":{"@id":"https:\/\/orthopus.com\/global-figures-on-disability\/#primaryimage"},"thumbnailUrl":"https:\/\/orthopus.com\/wp-content\/uploads\/2021\/03\/capturevideoanimation2.png","datePublished":"2021-03-16T10:31:44+00:00","dateModified":"2023-02-28T15:47:40+00:00","description":"Dans le but de mieux estimer les besoins des personnes en situation de handicap dans le monde, nous avons souhait\u00e9 dresser un \u00e9tat des lieux des chiffres existants.","breadcrumb":{"@id":"https:\/\/orthopus.com\/global-figures-on-disability\/#breadcrumb"},"inLanguage":"fr-FR","potentialAction":[{"@type":"ReadAction","target":["https:\/\/orthopus.com\/global-figures-on-disability\/"]}]},{"@type":"ImageObject","inLanguage":"fr-FR","@id":"https:\/\/orthopus.com\/global-figures-on-disability\/#primaryimage","url":"https:\/\/orthopus.com\/wp-content\/uploads\/2021\/03\/capturevideoanimation2.png","contentUrl":"https:\/\/orthopus.com\/wp-content\/uploads\/2021\/03\/capturevideoanimation2.png","width":1000,"height":667},{"@type":"BreadcrumbList","@id":"https:\/\/orthopus.com\/global-figures-on-disability\/#breadcrumb","itemListElement":[{"@type":"ListItem","position":1,"name":"Accueil","item":"https:\/\/orthopus.com\/fr\/"},{"@type":"ListItem","position":2,"name":"Ce que nous disent les chiffres du handicap dans le monde"}]},{"@type":"WebSite","@id":"https:\/\/orthopus.com\/#website","url":"https:\/\/orthopus.com\/","name":"ORTHOPUS","description":"Handitech solutions for everyone","publisher":{"@id":"https:\/\/orthopus.com\/#organization"},"potentialAction":[{"@type":"SearchAction","target":{"@type":"EntryPoint","urlTemplate":"https:\/\/orthopus.com\/?s={search_term_string}"},"query-input":{"@type":"PropertyValueSpecification","valueRequired":true,"valueName":"search_term_string"}}],"inLanguage":"fr-FR"},{"@type":"Organization","@id":"https:\/\/orthopus.com\/#organization","name":"ORTHOPUS","url":"https:\/\/orthopus.com\/","logo":{"@type":"ImageObject","inLanguage":"fr-FR","@id":"https:\/\/orthopus.com\/#\/schema\/logo\/image\/","url":"https:\/\/orthopus.com\/wp-content\/uploads\/2020\/04\/Logo-ORTHOPUS-support-de-bras-personnalisable.png","contentUrl":"https:\/\/orthopus.com\/wp-content\/uploads\/2020\/04\/Logo-ORTHOPUS-support-de-bras-personnalisable.png","width":416,"height":98,"caption":"ORTHOPUS"},"image":{"@id":"https:\/\/orthopus.com\/#\/schema\/logo\/image\/"}},{"@type":"Person","@id":"https:\/\/orthopus.com\/#\/schema\/person\/8441a77cd59009919fdd8fbf3264c72e","name":"Mona","image":{"@type":"ImageObject","inLanguage":"fr-FR","@id":"https:\/\/secure.gravatar.com\/avatar\/b5b462af4cf5722fbd017ef55b474709ff34d6030941c8c793bf9edf5d82b670?s=96&d=mm&r=g","url":"https:\/\/secure.gravatar.com\/avatar\/b5b462af4cf5722fbd017ef55b474709ff34d6030941c8c793bf9edf5d82b670?s=96&d=mm&r=g","contentUrl":"https:\/\/secure.gravatar.com\/avatar\/b5b462af4cf5722fbd017ef55b474709ff34d6030941c8c793bf9edf5d82b670?s=96&d=mm&r=g","caption":"Mona"},"description":"Sp\u00e9cialis\u00e9e dans la culture scientifique et technique depuis dix ans, Mona a une exp\u00e9rience au croisement de l\u2019\u00e9conomie sociale et solidaire, de la fabrication num\u00e9rique et du monde des fablabs. Ses comp\u00e9tences vont de la communication transmedia, \u00e0 l\u2019animation de communaut\u00e9s en passant par l\u2019\u00e9v\u00e9nementiel. Chez ORTHOPUS, elle met en \u0153uvre et anime la strat\u00e9gie communication et marketing.","url":"https:\/\/orthopus.com\/fr\/author\/mona\/"}]}},"_links":{"self":[{"href":"https:\/\/orthopus.com\/fr\/wp-json\/wp\/v2\/posts\/2747","targetHints":{"allow":["GET"]}}],"collection":[{"href":"https:\/\/orthopus.com\/fr\/wp-json\/wp\/v2\/posts"}],"about":[{"href":"https:\/\/orthopus.com\/fr\/wp-json\/wp\/v2\/types\/post"}],"author":[{"embeddable":true,"href":"https:\/\/orthopus.com\/fr\/wp-json\/wp\/v2\/users\/9"}],"replies":[{"embeddable":true,"href":"https:\/\/orthopus.com\/fr\/wp-json\/wp\/v2\/comments?post=2747"}],"version-history":[{"count":43,"href":"https:\/\/orthopus.com\/fr\/wp-json\/wp\/v2\/posts\/2747\/revisions"}],"predecessor-version":[{"id":5598,"href":"https:\/\/orthopus.com\/fr\/wp-json\/wp\/v2\/posts\/2747\/revisions\/5598"}],"wp:featuredmedia":[{"embeddable":true,"href":"https:\/\/orthopus.com\/fr\/wp-json\/wp\/v2\/media\/2748"}],"wp:attachment":[{"href":"https:\/\/orthopus.com\/fr\/wp-json\/wp\/v2\/media?parent=2747"}],"wp:term":[{"taxonomy":"category","embeddable":true,"href":"https:\/\/orthopus.com\/fr\/wp-json\/wp\/v2\/categories?post=2747"},{"taxonomy":"post_tag","embeddable":true,"href":"https:\/\/orthopus.com\/fr\/wp-json\/wp\/v2\/tags?post=2747"}],"curies":[{"name":"wp","href":"https:\/\/api.w.org\/{rel}","templated":true}]}}