{"id":2645,"date":"2021-02-01T18:16:23","date_gmt":"2021-02-01T17:16:23","guid":{"rendered":"https:\/\/orthopus.com\/?p=2645"},"modified":"2024-05-14T09:18:16","modified_gmt":"2024-05-14T07:18:16","slug":"notre-premier-assistant-robotique-pour-les-personnes-a-mobilite-limitee","status":"publish","type":"post","link":"https:\/\/orthopus.com\/fr\/notre-premier-assistant-robotique-pour-les-personnes-a-mobilite-limitee\/","title":{"rendered":"Le d\u00e9veloppement de notre premier assistant robotique pour les personnes \u00e0 mobilit\u00e9 limit\u00e9e"},"content":{"rendered":"\t\t<div data-elementor-type=\"wp-post\" data-elementor-id=\"2645\" class=\"elementor elementor-2645\" data-elementor-post-type=\"post\">\n\t\t\t\t\t\t<section class=\"elementor-section elementor-top-section elementor-element elementor-element-d9370fe elementor-section-boxed elementor-section-height-default elementor-section-height-default\" data-id=\"d9370fe\" data-element_type=\"section\" data-e-type=\"section\" data-settings=\"{&quot;jet_parallax_layout_list&quot;:[{&quot;jet_parallax_layout_image&quot;:{&quot;url&quot;:&quot;&quot;,&quot;id&quot;:&quot;&quot;,&quot;size&quot;:&quot;&quot;},&quot;_id&quot;:&quot;aeb033a&quot;,&quot;jet_parallax_layout_image_tablet&quot;:{&quot;url&quot;:&quot;&quot;,&quot;id&quot;:&quot;&quot;,&quot;size&quot;:&quot;&quot;},&quot;jet_parallax_layout_image_mobile&quot;:{&quot;url&quot;:&quot;&quot;,&quot;id&quot;:&quot;&quot;,&quot;size&quot;:&quot;&quot;},&quot;jet_parallax_layout_speed&quot;:{&quot;unit&quot;:&quot;%&quot;,&quot;size&quot;:50,&quot;sizes&quot;:[]},&quot;jet_parallax_layout_type&quot;:&quot;scroll&quot;,&quot;jet_parallax_layout_direction&quot;:&quot;1&quot;,&quot;jet_parallax_layout_fx_direction&quot;:null,&quot;jet_parallax_layout_z_index&quot;:&quot;&quot;,&quot;jet_parallax_layout_bg_x&quot;:50,&quot;jet_parallax_layout_bg_x_tablet&quot;:&quot;&quot;,&quot;jet_parallax_layout_bg_x_mobile&quot;:&quot;&quot;,&quot;jet_parallax_layout_bg_y&quot;:50,&quot;jet_parallax_layout_bg_y_tablet&quot;:&quot;&quot;,&quot;jet_parallax_layout_bg_y_mobile&quot;:&quot;&quot;,&quot;jet_parallax_layout_bg_size&quot;:&quot;auto&quot;,&quot;jet_parallax_layout_bg_size_tablet&quot;:&quot;&quot;,&quot;jet_parallax_layout_bg_size_mobile&quot;:&quot;&quot;,&quot;jet_parallax_layout_animation_prop&quot;:&quot;transform&quot;,&quot;jet_parallax_layout_on&quot;:[&quot;desktop&quot;,&quot;tablet&quot;]}]}\">\n\t\t\t\t\t\t<div class=\"elementor-container elementor-column-gap-default\">\n\t\t\t\t\t<div class=\"elementor-column elementor-col-100 elementor-top-column elementor-element elementor-element-865309f\" data-id=\"865309f\" data-element_type=\"column\" data-e-type=\"column\">\n\t\t\t<div class=\"elementor-widget-wrap elementor-element-populated\">\n\t\t\t\t\t\t<div class=\"elementor-element elementor-element-f18a803 elementor-widget elementor-widget-text-editor\" data-id=\"f18a803\" data-element_type=\"widget\" data-e-type=\"widget\" data-widget_type=\"text-editor.default\">\n\t\t\t\t<div class=\"elementor-widget-container\">\n\t\t\t\t\t\t\t\t\t<p><b>ORTHOPUS travaille au d\u00e9veloppement d\u2019un assistant robotique pour les personnes \u00e0 mobilit\u00e9 limit\u00e9e : l&#8217;ORTHOPUS Supporter. Ce dispositif est la premi\u00e8re \u00e9tape de notre<\/b><a href=\"https:\/\/orthopus.com\/assistants-robotiques\/\" target=\"_blank\" rel=\"noopener\"><b> gamme de solutions robotiques <\/b><b>pour la mobilit\u00e9 du bras<\/b><\/a><b>.<\/b><\/p>\t\t\t\t\t\t\t\t<\/div>\n\t\t\t\t<\/div>\n\t\t\t\t<div class=\"elementor-element elementor-element-63af658 elementor-widget elementor-widget-text-editor\" data-id=\"63af658\" data-element_type=\"widget\" data-e-type=\"widget\" data-widget_type=\"text-editor.default\">\n\t\t\t\t<div class=\"elementor-widget-container\">\n\t\t\t\t\t\t\t\t\t<em><small>Cr\u00e9neau photo de couverture : Arnaud Duret &#8211; FC Nantes<\/em><\/small>\t\t\t\t\t\t\t\t<\/div>\n\t\t\t\t<\/div>\n\t\t\t\t<div class=\"elementor-element elementor-element-70ccf65 elementor-widget elementor-widget-heading\" data-id=\"70ccf65\" data-element_type=\"widget\" data-e-type=\"widget\" data-widget_type=\"heading.default\">\n\t\t\t\t<div class=\"elementor-widget-container\">\n\t\t\t\t\t<h3 class=\"elementor-heading-title elementor-size-default\">R\u00e9pondre aux besoins des utilisateurs, \u00e0 prix \u00e9thique<\/h3>\t\t\t\t<\/div>\n\t\t\t\t<\/div>\n\t\t\t\t<div class=\"elementor-element elementor-element-204d1a1 elementor-widget elementor-widget-text-editor\" data-id=\"204d1a1\" data-element_type=\"widget\" data-e-type=\"widget\" data-widget_type=\"text-editor.default\">\n\t\t\t\t<div class=\"elementor-widget-container\">\n\t\t\t\t\t\t\t\t\t<p>Le besoin d\u2019appareillage pour les personnes \u00e0 mobilit\u00e9 limit\u00e9e est tr\u00e8s important : <b>en Europe <\/b><a href=\"https:\/\/www.eurordis.org\/fr\/content\/treat-nmd-pour-le-traitement-des-maladies-neuromusculaires#:~:text=Les%20maladies%20neuromusculaires%20touchent%20les,de%20maladies%20neuromusculaires%20en%20Europe\" target=\"_blank\" rel=\"noopener\"><b>environ 200 000 personnes<\/b><\/a><b> sont atteintes de maladies neuromusculaires<\/b>. Ces maladies entra\u00eenent une faiblesse musculaire, voire la perte ou la d\u00e9gradation de la mobilit\u00e9 de certains membres.<\/p><p>Pour permettre \u00e0 ces personnes de conserver une certaine autonomie, voire ralentir l\u2019\u00e9volution de la maladie dans certains cas, les professionnels de sant\u00e9 pr\u00e9conisent l\u2019utilisation d\u2019aides techniques de compensation le plus t\u00f4t possible.<b><br \/><\/b>Probl\u00e8me ? <b>Les dispositifs en vente sur le march\u00e9 sont extr\u00eamement co\u00fbteux et ne sont pas modulables<\/b>. D\u2019ailleurs, il n\u2019en existe pas pour les enfants.<\/p>\t\t\t\t\t\t\t\t<\/div>\n\t\t\t\t<\/div>\n\t\t\t\t<div class=\"elementor-element elementor-element-c5e7b89 elementor-widget elementor-widget-image\" data-id=\"c5e7b89\" data-element_type=\"widget\" data-e-type=\"widget\" data-widget_type=\"image.default\">\n\t\t\t\t<div class=\"elementor-widget-container\">\n\t\t\t\t\t\t\t\t\t\t\t\t<figure class=\"wp-caption\">\n\t\t\t\t\t\t\t\t\t\t<img fetchpriority=\"high\" decoding=\"async\" width=\"600\" height=\"338\" src=\"https:\/\/orthopus.com\/wp-content\/uploads\/2021\/02\/ARMMS_fondblanc.-600x338.png\" class=\"attachment-kava-thumb-masonry size-kava-thumb-masonry wp-image-2649\" alt=\"La gamme d&#039;assistance ARRMS\" srcset=\"https:\/\/orthopus.com\/wp-content\/uploads\/2021\/02\/ARMMS_fondblanc.-600x338.png 600w, https:\/\/orthopus.com\/wp-content\/uploads\/2021\/02\/ARMMS_fondblanc.-300x169.png 300w, https:\/\/orthopus.com\/wp-content\/uploads\/2021\/02\/ARMMS_fondblanc.-768x432.png 768w, https:\/\/orthopus.com\/wp-content\/uploads\/2021\/02\/ARMMS_fondblanc.-150x85.png 150w, https:\/\/orthopus.com\/wp-content\/uploads\/2021\/02\/ARMMS_fondblanc..png 1000w\" sizes=\"(max-width: 600px) 100vw, 600px\" \/>\t\t\t\t\t\t\t\t\t\t\t<figcaption class=\"widget-image-caption wp-caption-text\">L\u2019architecture modulaire de ARMMS : du support de bras au bras robotique d\u2019assistance de vie<\/figcaption>\n\t\t\t\t\t\t\t\t\t\t<\/figure>\n\t\t\t\t\t\t\t\t\t<\/div>\n\t\t\t\t<\/div>\n\t\t\t\t<div class=\"elementor-element elementor-element-ae7e83e elementor-widget elementor-widget-text-editor\" data-id=\"ae7e83e\" data-element_type=\"widget\" data-e-type=\"widget\" data-widget_type=\"text-editor.default\">\n\t\t\t\t<div class=\"elementor-widget-container\">\n\t\t\t\t\t\t\t\t\t<p>Personnalisable en termes de morphologie, de fonctionnalit\u00e9s et de design, <b>notre gamme s&#8217;adapte aux besoins sp\u00e9cifiques de chaque individu selon son handicap et son \u00e9volution<\/b> <b>dans le temps<\/b>.<\/p><p>En 2020, l&#8217;innovation technologique de ce projet a \u00e9t\u00e9 reconnue et r\u00e9compens\u00e9e par un concours d&#8217;envergure nationale : <b>ARMMS (<\/b>pour\u00a0<strong>A<\/strong>rchitecture\u00a0<strong>R<\/strong>obotique\u00a0<strong>M<\/strong>odulaire pour la compensation du\u00a0<strong>M<\/strong>embre\u00a0<strong>S<\/strong>up\u00e9rieur)<b> et a \u00e9t\u00e9 laur\u00e9at de la <\/b><a href=\"https:\/\/cache.media.enseignementsup-recherche.gouv.fr\/file\/2020\/31\/7\/i-Lab_2020_palma_160720v2_1310317.pdf\" target=\"_blank\" rel=\"noopener\"><b>22e \u00e9dition du Concours i-Lab<\/b><\/a> port\u00e9 par la BPI France et le Minist\u00e8re de l\u2019Enseignement sup\u00e9rieur, de la Recherche et de l&#8217;Innovation.<\/p>\t\t\t\t\t\t\t\t<\/div>\n\t\t\t\t<\/div>\n\t\t\t\t<div class=\"elementor-element elementor-element-fc34fd6 elementor-widget elementor-widget-heading\" data-id=\"fc34fd6\" data-element_type=\"widget\" data-e-type=\"widget\" data-widget_type=\"heading.default\">\n\t\t\t\t<div class=\"elementor-widget-container\">\n\t\t\t\t\t<h3 class=\"elementor-heading-title elementor-size-default\">L\u2019\u00e9quipe qui donne vie au projet <\/h3>\t\t\t\t<\/div>\n\t\t\t\t<\/div>\n\t\t\t\t<div class=\"elementor-element elementor-element-42e5d92 elementor-widget elementor-widget-text-editor\" data-id=\"42e5d92\" data-element_type=\"widget\" data-e-type=\"widget\" data-widget_type=\"text-editor.default\">\n\t\t\t\t<div class=\"elementor-widget-container\">\n\t\t\t\t\t\t\t\t\t<p><b>Florian Armange est le pilote du projet ARMMS chez ORTHOPUS.<\/b> Ing\u00e9nieur en syst\u00e8mes embarqu\u00e9s de formation, il est sp\u00e9cialiste du contr\u00f4le d\u2019actionneurs de robots. Avant de rejoindre l&#8217;\u00e9quipage, il a notamment travaill\u00e9 pour Aldebaran Robotics sur la conception d&#8217;actionneurs et de diverses plateformes innovantes.\u00a0<\/p><p>Il appr\u00e9cie la dimension sociale du projet ARMMS ainsi que sa multidisciplinarit\u00e9. Au quotidien, il jongle entre le d\u00e9veloppement logiciel, l\u2019organisation des tests et la gestion de l\u2019\u00e9quipe et du projet dans le temps.<\/p>\t\t\t\t\t\t\t\t<\/div>\n\t\t\t\t<\/div>\n\t\t\t\t<div class=\"elementor-element elementor-element-0dee17c elementor-widget elementor-widget-image\" data-id=\"0dee17c\" data-element_type=\"widget\" data-e-type=\"widget\" data-widget_type=\"image.default\">\n\t\t\t\t<div class=\"elementor-widget-container\">\n\t\t\t\t\t\t\t\t\t\t\t\t\t\t\t<img decoding=\"async\" width=\"600\" height=\"400\" src=\"https:\/\/orthopus.com\/wp-content\/uploads\/2021\/02\/IMG_0254-600x400.jpg\" class=\"attachment-kava-thumb-masonry size-kava-thumb-masonry wp-image-2651\" alt=\"Florian Armange fixant le support de bras\" srcset=\"https:\/\/orthopus.com\/wp-content\/uploads\/2021\/02\/IMG_0254-600x400.jpg 600w, https:\/\/orthopus.com\/wp-content\/uploads\/2021\/02\/IMG_0254-300x200.jpg 300w, https:\/\/orthopus.com\/wp-content\/uploads\/2021\/02\/IMG_0254-768x512.jpg 768w, https:\/\/orthopus.com\/wp-content\/uploads\/2021\/02\/IMG_0254.jpg 1000w\" sizes=\"(max-width: 600px) 100vw, 600px\" \/>\t\t\t\t\t\t\t\t\t\t\t\t\t\t\t<\/div>\n\t\t\t\t<\/div>\n\t\t\t\t<div class=\"elementor-element elementor-element-1aae659 elementor-widget elementor-widget-text-editor\" data-id=\"1aae659\" data-element_type=\"widget\" data-e-type=\"widget\" data-widget_type=\"text-editor.default\">\n\t\t\t\t<div class=\"elementor-widget-container\">\n\t\t\t\t\t\t\t\t\t<p>Des <b><em>matelots-stagiaires<\/em> ainsi que le reste de l\u2019\u00e9quipe<\/b> viennent en appui sur certains points techniques comme la conception m\u00e9canique et la r\u00e9alisation des prototypes.\u00a0<\/p><p>David Piriou de <a href=\"http:\/\/www.mathis-ortho.com\/\" target=\"_blank\" rel=\"noopener\"><b>Mathis Orthop\u00e9die<\/b><\/a> apporte \u00e9galement son savoir-faire au projet, en fabriquant <b>l\u2019orth\u00e8se<\/b> du dispositif, l\u2019\u00e9l\u00e9ment qui permet de maintenir le bras du patient utilisateur.<\/p><p>Enfin pour l\u2019ensemble du projet ARMMS,<b> nous travaillons avec le <\/b><a href=\"http:\/\/www.creava.fr\/\" target=\"_blank\" rel=\"noopener\"><b>studio Creava<\/b><\/a><b> \u00e0 l\u2019\u00e9laboration du design et de l\u2019ergonomie de la gamme.<\/b> Cette agence nantaise sp\u00e9cialis\u00e9e dans le design industriel nous accompagne pour concevoir l&#8217;apparence visuelle des diff\u00e9rentes solutions.<\/p>\t\t\t\t\t\t\t\t<\/div>\n\t\t\t\t<\/div>\n\t\t\t\t<div class=\"elementor-element elementor-element-edf5083 elementor-widget elementor-widget-heading\" data-id=\"edf5083\" data-element_type=\"widget\" data-e-type=\"widget\" data-widget_type=\"heading.default\">\n\t\t\t\t<div class=\"elementor-widget-container\">\n\t\t\t\t\t<h3 class=\"elementor-heading-title elementor-size-default\">Tester notre dispositif avec l\u2019accompagnement de l\u2019ESEAN<\/h3>\t\t\t\t<\/div>\n\t\t\t\t<\/div>\n\t\t\t\t<div class=\"elementor-element elementor-element-20ac478 elementor-widget elementor-widget-text-editor\" data-id=\"20ac478\" data-element_type=\"widget\" data-e-type=\"widget\" data-widget_type=\"text-editor.default\">\n\t\t\t\t<div class=\"elementor-widget-container\">\n\t\t\t\t\t\t\t\t\t<p>Le projet ARMMS est men\u00e9 en collaboration avec l&#8217;<a href=\"http:\/\/www.esean.fr\/\" target=\"_blank\" rel=\"noopener\">ESEAN AFP France Handicap<\/a>, <em>\u00c9tablissement de Sant\u00e9 pour Enfants et Adolescents de la R\u00e9gion Nantaise, Soins de Suite et R\u00e9adaptation P\u00e9diatrique<\/em>, notamment expert dans la prise en charge du handicap moteur.\u00a0 <b>Le prototype de l&#8217;ORTHOPUS Supporter est actuellement co-d\u00e9velopp\u00e9 avec Pierre, un jeune patient-utilisateur, au sein de l\u2019ESEAN<\/b>.\u00a0<\/p>\t\t\t\t\t\t\t\t<\/div>\n\t\t\t\t<\/div>\n\t\t\t\t<div class=\"elementor-element elementor-element-cc75bba elementor-widget elementor-widget-image\" data-id=\"cc75bba\" data-element_type=\"widget\" data-e-type=\"widget\" data-widget_type=\"image.default\">\n\t\t\t\t<div class=\"elementor-widget-container\">\n\t\t\t\t\t\t\t\t\t\t\t\t\t\t\t<img decoding=\"async\" width=\"600\" height=\"400\" src=\"https:\/\/orthopus.com\/wp-content\/uploads\/2021\/02\/IMG_0267-600x400.jpg\" class=\"attachment-kava-thumb-masonry size-kava-thumb-masonry wp-image-2653\" alt=\"Button of the robotic arm support\" srcset=\"https:\/\/orthopus.com\/wp-content\/uploads\/2021\/02\/IMG_0267-600x400.jpg 600w, https:\/\/orthopus.com\/wp-content\/uploads\/2021\/02\/IMG_0267-300x200.jpg 300w, https:\/\/orthopus.com\/wp-content\/uploads\/2021\/02\/IMG_0267-768x512.jpg 768w, https:\/\/orthopus.com\/wp-content\/uploads\/2021\/02\/IMG_0267.jpg 1000w\" sizes=\"(max-width: 600px) 100vw, 600px\" \/>\t\t\t\t\t\t\t\t\t\t\t\t\t\t\t<\/div>\n\t\t\t\t<\/div>\n\t\t\t\t<div class=\"elementor-element elementor-element-c4fb286 elementor-widget elementor-widget-text-editor\" data-id=\"c4fb286\" data-element_type=\"widget\" data-e-type=\"widget\" data-widget_type=\"text-editor.default\">\n\t\t\t\t<div class=\"elementor-widget-container\">\n\t\t\t\t\t\t\t\t\t<p><b>Entre juillet et d\u00e9cembre 2020, 4 rendez-vous ont permis d\u2019\u00e9laborer un prototype d&#8217;<a href=\"https:\/\/orthopus.com\/supporter\/\" target=\"_blank\" rel=\"noopener\">ORTHOPUS Supporter<\/a> sur mesure pour Pierre.<\/b> Les \u00e9quipes d&#8217;ORTHOPUS et de l&#8217;ESEAN ont travaill\u00e9 en \u00e9troite collaboration afin de trouver les meilleures solutions techniques pour la fixation sur le fauteuil roulant, le confort de l&#8217;orth\u00e8se, ou encore le choix du bouton de commande.<br \/>En parall\u00e8le, une attention particuli\u00e8re a \u00e9t\u00e9 port\u00e9e au design, composante essentielle du projet : le support de bras a ainsi \u00e9t\u00e9 personnalis\u00e9 aux couleurs du club de foot favori de Pierre.<\/p>\t\t\t\t\t\t\t\t<\/div>\n\t\t\t\t<\/div>\n\t\t\t\t<div class=\"elementor-element elementor-element-3053d73 elementor-widget elementor-widget-image\" data-id=\"3053d73\" data-element_type=\"widget\" data-e-type=\"widget\" data-widget_type=\"image.default\">\n\t\t\t\t<div class=\"elementor-widget-container\">\n\t\t\t\t\t\t\t\t\t\t\t\t\t\t\t<img loading=\"lazy\" decoding=\"async\" width=\"600\" height=\"400\" src=\"https:\/\/orthopus.com\/wp-content\/uploads\/2021\/02\/IMG_0288-600x400.jpg\" class=\"attachment-kava-thumb-masonry size-kava-thumb-masonry wp-image-2646\" alt=\"Pierre testing the arm robotic support AT1X\" srcset=\"https:\/\/orthopus.com\/wp-content\/uploads\/2021\/02\/IMG_0288-600x400.jpg 600w, https:\/\/orthopus.com\/wp-content\/uploads\/2021\/02\/IMG_0288-300x200.jpg 300w, https:\/\/orthopus.com\/wp-content\/uploads\/2021\/02\/IMG_0288-768x512.jpg 768w, https:\/\/orthopus.com\/wp-content\/uploads\/2021\/02\/IMG_0288.jpg 1000w\" sizes=\"(max-width: 600px) 100vw, 600px\" \/>\t\t\t\t\t\t\t\t\t\t\t\t\t\t\t<\/div>\n\t\t\t\t<\/div>\n\t\t\t\t<div class=\"elementor-element elementor-element-ddc2b85 elementor-widget elementor-widget-text-editor\" data-id=\"ddc2b85\" data-element_type=\"widget\" data-e-type=\"widget\" data-widget_type=\"text-editor.default\">\n\t\t\t\t<div class=\"elementor-widget-container\">\n\t\t\t\t\t\t\t\t\t<p><b>La prochaine \u00e9tape d\u00e9cisive : une exp\u00e9rience \u201cgrandeur nature\u201d d\u2019une dur\u00e9e de 15 jours<\/b> pour \u00e9prouver l\u2019usage et l\u2019utilit\u00e9 de cette aide technique pour Pierre comme pour son entourage et ses aidants.<\/p>\t\t\t\t\t\t\t\t<\/div>\n\t\t\t\t<\/div>\n\t\t\t\t<div class=\"elementor-element elementor-element-25d6049 elementor-widget elementor-widget-heading\" data-id=\"25d6049\" data-element_type=\"widget\" data-e-type=\"widget\" data-widget_type=\"heading.default\">\n\t\t\t\t<div class=\"elementor-widget-container\">\n\t\t\t\t\t<h3 class=\"elementor-heading-title elementor-size-default\">Les prochaines \u00e9tapes de validation de l'ORTHOPUS Supporter\n<\/h3>\t\t\t\t<\/div>\n\t\t\t\t<\/div>\n\t\t\t\t<div class=\"elementor-element elementor-element-4de445c elementor-widget elementor-widget-text-editor\" data-id=\"4de445c\" data-element_type=\"widget\" data-e-type=\"widget\" data-widget_type=\"text-editor.default\">\n\t\t\t\t<div class=\"elementor-widget-container\">\n\t\t\t\t\t\t\t\t\t<p>Si le prototype est valid\u00e9 \u00e0 l&#8217;issue des 15 jours, l&#8217;objectif sera d&#8217;\u00e9tendre le test \u00e0 un groupe de personnes. Un test clinique pour valider la qualit\u00e9 m\u00e9dicale pourra alors \u00eatre organis\u00e9 en association avec plusieurs \u00e9tablissements de sant\u00e9 dont l\u2019ESEAN. <b>Cette \u00e9tape consistera \u00e0 comparer l\u2019\u00e9quivalence de notre dispositif avec d\u2019autres aides techniques d\u00e9j\u00e0 sur le march\u00e9<\/b> afin de r\u00e9pondre au mieux aux besoins des utilisateurs.<\/p>\t\t\t\t\t\t\t\t<\/div>\n\t\t\t\t<\/div>\n\t\t\t\t<div class=\"elementor-element elementor-element-bd9974c elementor-widget elementor-widget-image\" data-id=\"bd9974c\" data-element_type=\"widget\" data-e-type=\"widget\" data-widget_type=\"image.default\">\n\t\t\t\t<div class=\"elementor-widget-container\">\n\t\t\t\t\t\t\t\t\t\t\t\t\t\t\t<img loading=\"lazy\" decoding=\"async\" width=\"600\" height=\"400\" src=\"https:\/\/orthopus.com\/wp-content\/uploads\/2021\/02\/IMG_0307-600x400.jpg\" class=\"attachment-kava-thumb-masonry size-kava-thumb-masonry wp-image-2657\" alt=\"AT1X arm support on the weelchair\" srcset=\"https:\/\/orthopus.com\/wp-content\/uploads\/2021\/02\/IMG_0307-600x400.jpg 600w, https:\/\/orthopus.com\/wp-content\/uploads\/2021\/02\/IMG_0307-300x200.jpg 300w, https:\/\/orthopus.com\/wp-content\/uploads\/2021\/02\/IMG_0307-768x512.jpg 768w, https:\/\/orthopus.com\/wp-content\/uploads\/2021\/02\/IMG_0307.jpg 1000w\" sizes=\"(max-width: 600px) 100vw, 600px\" \/>\t\t\t\t\t\t\t\t\t\t\t\t\t\t\t<\/div>\n\t\t\t\t<\/div>\n\t\t\t\t<div class=\"elementor-element elementor-element-9fe411e elementor-widget elementor-widget-text-editor\" data-id=\"9fe411e\" data-element_type=\"widget\" data-e-type=\"widget\" data-widget_type=\"text-editor.default\">\n\t\t\t\t<div class=\"elementor-widget-container\">\n\t\t\t\t\t\t\t\t\t<p><b>Vous souhaitez suivre les avanc\u00e9es du d\u00e9veloppement de ce projet ?<\/b> <a href=\"https:\/\/orthopus.com\/contact\/\" target=\"_blank\" rel=\"noopener\">Inscrivez-vous \u00e0 notre newsletter<\/a>. Nous partageons des actualit\u00e9s sur nos projets tous les 2 \u00e0 3 mois.<\/p>\t\t\t\t\t\t\t\t<\/div>\n\t\t\t\t<\/div>\n\t\t\t\t\t<\/div>\n\t\t<\/div>\n\t\t\t\t\t<\/div>\n\t\t<\/section>\n\t\t\t\t<\/div>\n\t\t","protected":false},"excerpt":{"rendered":"<p>ORTHOPUS travaille au d\u00e9veloppement d\u2019un support de bras motoris\u00e9 pour les personnes \u00e0 mobilit\u00e9 limit\u00e9e : l\u2019AT1X. Ce support de bras est la premi\u00e8re \u00e9tape du projet ARMMS, une gamme de solutions robotiques et modulaires.<\/p>\n","protected":false},"author":9,"featured_media":5783,"comment_status":"open","ping_status":"closed","sticky":false,"template":"","format":"standard","meta":{"_jet_sm_ready_style":"","_jet_sm_style":"","_jet_sm_controls_values":"","_jet_sm_fonts_collection":"","_jet_sm_fonts_links":"","footnotes":""},"categories":[227,37],"tags":[99,134,135,60,100,61,59,137,128,186,136,133,56],"class_list":["post-2645","post","type-post","status-publish","format-standard","has-post-thumbnail","hentry","category-aides-techniques-a-la-mobilite-des-bras","category-labo","tag-aide-technique","tag-compensation-membre-superieur","tag-ergotherapeute","tag-esean-afp-france-handicap","tag-handicap","tag-handicap-moteur","tag-maladie-neuromusculaire","tag-mobilite-bras","tag-orthopus","tag-orthopus-supporter","tag-readaptation","tag-robotique","tag-support-de-bras"],"yoast_head":"<!-- This site is optimized with the Yoast SEO plugin v27.4 - https:\/\/yoast.com\/product\/yoast-seo-wordpress\/ -->\n<title>Le d\u00e9veloppement de notre premier assistant robotique pour les personnes \u00e0 mobilit\u00e9 limit\u00e9e - ORTHOPUS<\/title>\n<meta name=\"description\" content=\"ORTHOPUS d\u00e9veloppe un assistant robotique pour les personnes \u00e0 mobilit\u00e9 limit\u00e9e en fauteuil roulant, \u00e0 prix accessible.\" \/>\n<meta name=\"robots\" content=\"index, follow, max-snippet:-1, max-image-preview:large, max-video-preview:-1\" \/>\n<link rel=\"canonical\" href=\"https:\/\/orthopus.com\/fr\/notre-premier-assistant-robotique-pour-les-personnes-a-mobilite-limitee\/\" \/>\n<meta property=\"og:locale\" content=\"fr_FR\" \/>\n<meta property=\"og:type\" content=\"article\" \/>\n<meta property=\"og:title\" content=\"Le d\u00e9veloppement de notre premier assistant robotique pour les personnes \u00e0 mobilit\u00e9 limit\u00e9e - ORTHOPUS\" \/>\n<meta property=\"og:description\" content=\"ORTHOPUS d\u00e9veloppe un assistant robotique pour les personnes \u00e0 mobilit\u00e9 limit\u00e9e en fauteuil roulant, \u00e0 prix accessible.\" \/>\n<meta property=\"og:url\" content=\"https:\/\/orthopus.com\/fr\/notre-premier-assistant-robotique-pour-les-personnes-a-mobilite-limitee\/\" \/>\n<meta property=\"og:site_name\" content=\"ORTHOPUS\" \/>\n<meta property=\"article:published_time\" content=\"2021-02-01T17:16:23+00:00\" \/>\n<meta property=\"article:modified_time\" content=\"2024-05-14T07:18:16+00:00\" \/>\n<meta property=\"og:image\" content=\"https:\/\/orthopus.com\/wp-content\/uploads\/2021\/02\/IMG-0306-211105-AD5_1964.jpg\" \/>\n\t<meta property=\"og:image:width\" content=\"1000\" \/>\n\t<meta property=\"og:image:height\" content=\"749\" \/>\n\t<meta property=\"og:image:type\" content=\"image\/jpeg\" \/>\n<meta name=\"author\" content=\"Mona\" \/>\n<meta name=\"twitter:card\" content=\"summary_large_image\" \/>\n<meta name=\"twitter:label1\" content=\"\u00c9crit par\" \/>\n\t<meta name=\"twitter:data1\" content=\"Mona\" \/>\n\t<meta name=\"twitter:label2\" content=\"Dur\u00e9e de lecture estim\u00e9e\" \/>\n\t<meta name=\"twitter:data2\" content=\"5 minutes\" \/>\n<script type=\"application\/ld+json\" class=\"yoast-schema-graph\">{\"@context\":\"https:\\\/\\\/schema.org\",\"@graph\":[{\"@type\":\"Article\",\"@id\":\"https:\\\/\\\/orthopus.com\\\/fr\\\/notre-premier-assistant-robotique-pour-les-personnes-a-mobilite-limitee\\\/#article\",\"isPartOf\":{\"@id\":\"https:\\\/\\\/orthopus.com\\\/fr\\\/notre-premier-assistant-robotique-pour-les-personnes-a-mobilite-limitee\\\/\"},\"author\":{\"name\":\"Mona\",\"@id\":\"https:\\\/\\\/orthopus.com\\\/#\\\/schema\\\/person\\\/8441a77cd59009919fdd8fbf3264c72e\"},\"headline\":\"Le d\u00e9veloppement de notre premier assistant robotique pour les personnes \u00e0 mobilit\u00e9 limit\u00e9e\",\"datePublished\":\"2021-02-01T17:16:23+00:00\",\"dateModified\":\"2024-05-14T07:18:16+00:00\",\"mainEntityOfPage\":{\"@id\":\"https:\\\/\\\/orthopus.com\\\/fr\\\/notre-premier-assistant-robotique-pour-les-personnes-a-mobilite-limitee\\\/\"},\"wordCount\":798,\"commentCount\":0,\"publisher\":{\"@id\":\"https:\\\/\\\/orthopus.com\\\/#organization\"},\"image\":{\"@id\":\"https:\\\/\\\/orthopus.com\\\/fr\\\/notre-premier-assistant-robotique-pour-les-personnes-a-mobilite-limitee\\\/#primaryimage\"},\"thumbnailUrl\":\"https:\\\/\\\/orthopus.com\\\/wp-content\\\/uploads\\\/2021\\\/02\\\/IMG-0306-211105-AD5_1964.jpg\",\"keywords\":[\"aide technique\",\"compensation membre superieur\",\"ergotherapeute\",\"ESEAN AFP France Handicap\",\"handicap\",\"handicap moteur\",\"maladie neuromusculaire\",\"mobilit\u00e9 bras\",\"orthopus\",\"orthopus supporter\",\"readaptation\",\"robotique\",\"support de bras\"],\"articleSection\":[\"Aides techniques \u00e0 la mobilit\u00e9 des bras\",\"Dans notre atelier\"],\"inLanguage\":\"fr-FR\",\"potentialAction\":[{\"@type\":\"CommentAction\",\"name\":\"Comment\",\"target\":[\"https:\\\/\\\/orthopus.com\\\/fr\\\/notre-premier-assistant-robotique-pour-les-personnes-a-mobilite-limitee\\\/#respond\"]}]},{\"@type\":\"WebPage\",\"@id\":\"https:\\\/\\\/orthopus.com\\\/fr\\\/notre-premier-assistant-robotique-pour-les-personnes-a-mobilite-limitee\\\/\",\"url\":\"https:\\\/\\\/orthopus.com\\\/fr\\\/notre-premier-assistant-robotique-pour-les-personnes-a-mobilite-limitee\\\/\",\"name\":\"Le d\u00e9veloppement de notre premier assistant robotique pour les personnes \u00e0 mobilit\u00e9 limit\u00e9e - ORTHOPUS\",\"isPartOf\":{\"@id\":\"https:\\\/\\\/orthopus.com\\\/#website\"},\"primaryImageOfPage\":{\"@id\":\"https:\\\/\\\/orthopus.com\\\/fr\\\/notre-premier-assistant-robotique-pour-les-personnes-a-mobilite-limitee\\\/#primaryimage\"},\"image\":{\"@id\":\"https:\\\/\\\/orthopus.com\\\/fr\\\/notre-premier-assistant-robotique-pour-les-personnes-a-mobilite-limitee\\\/#primaryimage\"},\"thumbnailUrl\":\"https:\\\/\\\/orthopus.com\\\/wp-content\\\/uploads\\\/2021\\\/02\\\/IMG-0306-211105-AD5_1964.jpg\",\"datePublished\":\"2021-02-01T17:16:23+00:00\",\"dateModified\":\"2024-05-14T07:18:16+00:00\",\"description\":\"ORTHOPUS d\u00e9veloppe un assistant robotique pour les personnes \u00e0 mobilit\u00e9 limit\u00e9e en fauteuil roulant, \u00e0 prix accessible.\",\"breadcrumb\":{\"@id\":\"https:\\\/\\\/orthopus.com\\\/fr\\\/notre-premier-assistant-robotique-pour-les-personnes-a-mobilite-limitee\\\/#breadcrumb\"},\"inLanguage\":\"fr-FR\",\"potentialAction\":[{\"@type\":\"ReadAction\",\"target\":[\"https:\\\/\\\/orthopus.com\\\/fr\\\/notre-premier-assistant-robotique-pour-les-personnes-a-mobilite-limitee\\\/\"]}]},{\"@type\":\"ImageObject\",\"inLanguage\":\"fr-FR\",\"@id\":\"https:\\\/\\\/orthopus.com\\\/fr\\\/notre-premier-assistant-robotique-pour-les-personnes-a-mobilite-limitee\\\/#primaryimage\",\"url\":\"https:\\\/\\\/orthopus.com\\\/wp-content\\\/uploads\\\/2021\\\/02\\\/IMG-0306-211105-AD5_1964.jpg\",\"contentUrl\":\"https:\\\/\\\/orthopus.com\\\/wp-content\\\/uploads\\\/2021\\\/02\\\/IMG-0306-211105-AD5_1964.jpg\",\"width\":1000,\"height\":749,\"caption\":\"Pierre et son prototype d'ORTHOPUS Supporter\"},{\"@type\":\"BreadcrumbList\",\"@id\":\"https:\\\/\\\/orthopus.com\\\/fr\\\/notre-premier-assistant-robotique-pour-les-personnes-a-mobilite-limitee\\\/#breadcrumb\",\"itemListElement\":[{\"@type\":\"ListItem\",\"position\":1,\"name\":\"Accueil\",\"item\":\"https:\\\/\\\/orthopus.com\\\/fr\\\/\"},{\"@type\":\"ListItem\",\"position\":2,\"name\":\"Le d\u00e9veloppement de notre premier assistant robotique pour les personnes \u00e0 mobilit\u00e9 limit\u00e9e\"}]},{\"@type\":\"WebSite\",\"@id\":\"https:\\\/\\\/orthopus.com\\\/#website\",\"url\":\"https:\\\/\\\/orthopus.com\\\/\",\"name\":\"ORTHOPUS\",\"description\":\"Handitech solutions for everyone\",\"publisher\":{\"@id\":\"https:\\\/\\\/orthopus.com\\\/#organization\"},\"potentialAction\":[{\"@type\":\"SearchAction\",\"target\":{\"@type\":\"EntryPoint\",\"urlTemplate\":\"https:\\\/\\\/orthopus.com\\\/?s={search_term_string}\"},\"query-input\":{\"@type\":\"PropertyValueSpecification\",\"valueRequired\":true,\"valueName\":\"search_term_string\"}}],\"inLanguage\":\"fr-FR\"},{\"@type\":\"Organization\",\"@id\":\"https:\\\/\\\/orthopus.com\\\/#organization\",\"name\":\"ORTHOPUS\",\"url\":\"https:\\\/\\\/orthopus.com\\\/\",\"logo\":{\"@type\":\"ImageObject\",\"inLanguage\":\"fr-FR\",\"@id\":\"https:\\\/\\\/orthopus.com\\\/#\\\/schema\\\/logo\\\/image\\\/\",\"url\":\"https:\\\/\\\/orthopus.com\\\/wp-content\\\/uploads\\\/2020\\\/04\\\/Logo-ORTHOPUS-support-de-bras-personnalisable.png\",\"contentUrl\":\"https:\\\/\\\/orthopus.com\\\/wp-content\\\/uploads\\\/2020\\\/04\\\/Logo-ORTHOPUS-support-de-bras-personnalisable.png\",\"width\":416,\"height\":98,\"caption\":\"ORTHOPUS\"},\"image\":{\"@id\":\"https:\\\/\\\/orthopus.com\\\/#\\\/schema\\\/logo\\\/image\\\/\"}},{\"@type\":\"Person\",\"@id\":\"https:\\\/\\\/orthopus.com\\\/#\\\/schema\\\/person\\\/8441a77cd59009919fdd8fbf3264c72e\",\"name\":\"Mona\",\"image\":{\"@type\":\"ImageObject\",\"inLanguage\":\"fr-FR\",\"@id\":\"https:\\\/\\\/secure.gravatar.com\\\/avatar\\\/b5b462af4cf5722fbd017ef55b474709ff34d6030941c8c793bf9edf5d82b670?s=96&d=mm&r=g\",\"url\":\"https:\\\/\\\/secure.gravatar.com\\\/avatar\\\/b5b462af4cf5722fbd017ef55b474709ff34d6030941c8c793bf9edf5d82b670?s=96&d=mm&r=g\",\"contentUrl\":\"https:\\\/\\\/secure.gravatar.com\\\/avatar\\\/b5b462af4cf5722fbd017ef55b474709ff34d6030941c8c793bf9edf5d82b670?s=96&d=mm&r=g\",\"caption\":\"Mona\"},\"description\":\"Sp\u00e9cialis\u00e9e dans la culture scientifique et technique depuis dix ans, Mona a une exp\u00e9rience au croisement de l\u2019\u00e9conomie sociale et solidaire, de la fabrication num\u00e9rique et du monde des fablabs. Ses comp\u00e9tences vont de la communication transmedia, \u00e0 l\u2019animation de communaut\u00e9s en passant par l\u2019\u00e9v\u00e9nementiel. Chez ORTHOPUS, elle met en \u0153uvre et anime la strat\u00e9gie communication et marketing.\",\"url\":\"https:\\\/\\\/orthopus.com\\\/fr\\\/author\\\/mona\\\/\"}]}<\/script>\n<!-- \/ Yoast SEO plugin. -->","yoast_head_json":{"title":"Le d\u00e9veloppement de notre premier assistant robotique pour les personnes \u00e0 mobilit\u00e9 limit\u00e9e - ORTHOPUS","description":"ORTHOPUS d\u00e9veloppe un assistant robotique pour les personnes \u00e0 mobilit\u00e9 limit\u00e9e en fauteuil roulant, \u00e0 prix accessible.","robots":{"index":"index","follow":"follow","max-snippet":"max-snippet:-1","max-image-preview":"max-image-preview:large","max-video-preview":"max-video-preview:-1"},"canonical":"https:\/\/orthopus.com\/fr\/notre-premier-assistant-robotique-pour-les-personnes-a-mobilite-limitee\/","og_locale":"fr_FR","og_type":"article","og_title":"Le d\u00e9veloppement de notre premier assistant robotique pour les personnes \u00e0 mobilit\u00e9 limit\u00e9e - ORTHOPUS","og_description":"ORTHOPUS d\u00e9veloppe un assistant robotique pour les personnes \u00e0 mobilit\u00e9 limit\u00e9e en fauteuil roulant, \u00e0 prix accessible.","og_url":"https:\/\/orthopus.com\/fr\/notre-premier-assistant-robotique-pour-les-personnes-a-mobilite-limitee\/","og_site_name":"ORTHOPUS","article_published_time":"2021-02-01T17:16:23+00:00","article_modified_time":"2024-05-14T07:18:16+00:00","og_image":[{"width":1000,"height":749,"url":"https:\/\/orthopus.com\/wp-content\/uploads\/2021\/02\/IMG-0306-211105-AD5_1964.jpg","type":"image\/jpeg"}],"author":"Mona","twitter_card":"summary_large_image","twitter_misc":{"\u00c9crit par":"Mona","Dur\u00e9e de lecture estim\u00e9e":"5 minutes"},"schema":{"@context":"https:\/\/schema.org","@graph":[{"@type":"Article","@id":"https:\/\/orthopus.com\/fr\/notre-premier-assistant-robotique-pour-les-personnes-a-mobilite-limitee\/#article","isPartOf":{"@id":"https:\/\/orthopus.com\/fr\/notre-premier-assistant-robotique-pour-les-personnes-a-mobilite-limitee\/"},"author":{"name":"Mona","@id":"https:\/\/orthopus.com\/#\/schema\/person\/8441a77cd59009919fdd8fbf3264c72e"},"headline":"Le d\u00e9veloppement de notre premier assistant robotique pour les personnes \u00e0 mobilit\u00e9 limit\u00e9e","datePublished":"2021-02-01T17:16:23+00:00","dateModified":"2024-05-14T07:18:16+00:00","mainEntityOfPage":{"@id":"https:\/\/orthopus.com\/fr\/notre-premier-assistant-robotique-pour-les-personnes-a-mobilite-limitee\/"},"wordCount":798,"commentCount":0,"publisher":{"@id":"https:\/\/orthopus.com\/#organization"},"image":{"@id":"https:\/\/orthopus.com\/fr\/notre-premier-assistant-robotique-pour-les-personnes-a-mobilite-limitee\/#primaryimage"},"thumbnailUrl":"https:\/\/orthopus.com\/wp-content\/uploads\/2021\/02\/IMG-0306-211105-AD5_1964.jpg","keywords":["aide technique","compensation membre superieur","ergotherapeute","ESEAN AFP France Handicap","handicap","handicap moteur","maladie neuromusculaire","mobilit\u00e9 bras","orthopus","orthopus supporter","readaptation","robotique","support de bras"],"articleSection":["Aides techniques \u00e0 la mobilit\u00e9 des bras","Dans notre atelier"],"inLanguage":"fr-FR","potentialAction":[{"@type":"CommentAction","name":"Comment","target":["https:\/\/orthopus.com\/fr\/notre-premier-assistant-robotique-pour-les-personnes-a-mobilite-limitee\/#respond"]}]},{"@type":"WebPage","@id":"https:\/\/orthopus.com\/fr\/notre-premier-assistant-robotique-pour-les-personnes-a-mobilite-limitee\/","url":"https:\/\/orthopus.com\/fr\/notre-premier-assistant-robotique-pour-les-personnes-a-mobilite-limitee\/","name":"Le d\u00e9veloppement de notre premier assistant robotique pour les personnes \u00e0 mobilit\u00e9 limit\u00e9e - ORTHOPUS","isPartOf":{"@id":"https:\/\/orthopus.com\/#website"},"primaryImageOfPage":{"@id":"https:\/\/orthopus.com\/fr\/notre-premier-assistant-robotique-pour-les-personnes-a-mobilite-limitee\/#primaryimage"},"image":{"@id":"https:\/\/orthopus.com\/fr\/notre-premier-assistant-robotique-pour-les-personnes-a-mobilite-limitee\/#primaryimage"},"thumbnailUrl":"https:\/\/orthopus.com\/wp-content\/uploads\/2021\/02\/IMG-0306-211105-AD5_1964.jpg","datePublished":"2021-02-01T17:16:23+00:00","dateModified":"2024-05-14T07:18:16+00:00","description":"ORTHOPUS d\u00e9veloppe un assistant robotique pour les personnes \u00e0 mobilit\u00e9 limit\u00e9e en fauteuil roulant, \u00e0 prix accessible.","breadcrumb":{"@id":"https:\/\/orthopus.com\/fr\/notre-premier-assistant-robotique-pour-les-personnes-a-mobilite-limitee\/#breadcrumb"},"inLanguage":"fr-FR","potentialAction":[{"@type":"ReadAction","target":["https:\/\/orthopus.com\/fr\/notre-premier-assistant-robotique-pour-les-personnes-a-mobilite-limitee\/"]}]},{"@type":"ImageObject","inLanguage":"fr-FR","@id":"https:\/\/orthopus.com\/fr\/notre-premier-assistant-robotique-pour-les-personnes-a-mobilite-limitee\/#primaryimage","url":"https:\/\/orthopus.com\/wp-content\/uploads\/2021\/02\/IMG-0306-211105-AD5_1964.jpg","contentUrl":"https:\/\/orthopus.com\/wp-content\/uploads\/2021\/02\/IMG-0306-211105-AD5_1964.jpg","width":1000,"height":749,"caption":"Pierre et son prototype d'ORTHOPUS Supporter"},{"@type":"BreadcrumbList","@id":"https:\/\/orthopus.com\/fr\/notre-premier-assistant-robotique-pour-les-personnes-a-mobilite-limitee\/#breadcrumb","itemListElement":[{"@type":"ListItem","position":1,"name":"Accueil","item":"https:\/\/orthopus.com\/fr\/"},{"@type":"ListItem","position":2,"name":"Le d\u00e9veloppement de notre premier assistant robotique pour les personnes \u00e0 mobilit\u00e9 limit\u00e9e"}]},{"@type":"WebSite","@id":"https:\/\/orthopus.com\/#website","url":"https:\/\/orthopus.com\/","name":"ORTHOPUS","description":"Handitech solutions for everyone","publisher":{"@id":"https:\/\/orthopus.com\/#organization"},"potentialAction":[{"@type":"SearchAction","target":{"@type":"EntryPoint","urlTemplate":"https:\/\/orthopus.com\/?s={search_term_string}"},"query-input":{"@type":"PropertyValueSpecification","valueRequired":true,"valueName":"search_term_string"}}],"inLanguage":"fr-FR"},{"@type":"Organization","@id":"https:\/\/orthopus.com\/#organization","name":"ORTHOPUS","url":"https:\/\/orthopus.com\/","logo":{"@type":"ImageObject","inLanguage":"fr-FR","@id":"https:\/\/orthopus.com\/#\/schema\/logo\/image\/","url":"https:\/\/orthopus.com\/wp-content\/uploads\/2020\/04\/Logo-ORTHOPUS-support-de-bras-personnalisable.png","contentUrl":"https:\/\/orthopus.com\/wp-content\/uploads\/2020\/04\/Logo-ORTHOPUS-support-de-bras-personnalisable.png","width":416,"height":98,"caption":"ORTHOPUS"},"image":{"@id":"https:\/\/orthopus.com\/#\/schema\/logo\/image\/"}},{"@type":"Person","@id":"https:\/\/orthopus.com\/#\/schema\/person\/8441a77cd59009919fdd8fbf3264c72e","name":"Mona","image":{"@type":"ImageObject","inLanguage":"fr-FR","@id":"https:\/\/secure.gravatar.com\/avatar\/b5b462af4cf5722fbd017ef55b474709ff34d6030941c8c793bf9edf5d82b670?s=96&d=mm&r=g","url":"https:\/\/secure.gravatar.com\/avatar\/b5b462af4cf5722fbd017ef55b474709ff34d6030941c8c793bf9edf5d82b670?s=96&d=mm&r=g","contentUrl":"https:\/\/secure.gravatar.com\/avatar\/b5b462af4cf5722fbd017ef55b474709ff34d6030941c8c793bf9edf5d82b670?s=96&d=mm&r=g","caption":"Mona"},"description":"Sp\u00e9cialis\u00e9e dans la culture scientifique et technique depuis dix ans, Mona a une exp\u00e9rience au croisement de l\u2019\u00e9conomie sociale et solidaire, de la fabrication num\u00e9rique et du monde des fablabs. Ses comp\u00e9tences vont de la communication transmedia, \u00e0 l\u2019animation de communaut\u00e9s en passant par l\u2019\u00e9v\u00e9nementiel. Chez ORTHOPUS, elle met en \u0153uvre et anime la strat\u00e9gie communication et marketing.","url":"https:\/\/orthopus.com\/fr\/author\/mona\/"}]}},"_links":{"self":[{"href":"https:\/\/orthopus.com\/fr\/wp-json\/wp\/v2\/posts\/2645","targetHints":{"allow":["GET"]}}],"collection":[{"href":"https:\/\/orthopus.com\/fr\/wp-json\/wp\/v2\/posts"}],"about":[{"href":"https:\/\/orthopus.com\/fr\/wp-json\/wp\/v2\/types\/post"}],"author":[{"embeddable":true,"href":"https:\/\/orthopus.com\/fr\/wp-json\/wp\/v2\/users\/9"}],"replies":[{"embeddable":true,"href":"https:\/\/orthopus.com\/fr\/wp-json\/wp\/v2\/comments?post=2645"}],"version-history":[{"count":16,"href":"https:\/\/orthopus.com\/fr\/wp-json\/wp\/v2\/posts\/2645\/revisions"}],"predecessor-version":[{"id":10535,"href":"https:\/\/orthopus.com\/fr\/wp-json\/wp\/v2\/posts\/2645\/revisions\/10535"}],"wp:featuredmedia":[{"embeddable":true,"href":"https:\/\/orthopus.com\/fr\/wp-json\/wp\/v2\/media\/5783"}],"wp:attachment":[{"href":"https:\/\/orthopus.com\/fr\/wp-json\/wp\/v2\/media?parent=2645"}],"wp:term":[{"taxonomy":"category","embeddable":true,"href":"https:\/\/orthopus.com\/fr\/wp-json\/wp\/v2\/categories?post=2645"},{"taxonomy":"post_tag","embeddable":true,"href":"https:\/\/orthopus.com\/fr\/wp-json\/wp\/v2\/tags?post=2645"}],"curies":[{"name":"wp","href":"https:\/\/api.w.org\/{rel}","templated":true}]}}