{"id":16157,"date":"2025-05-13T15:44:12","date_gmt":"2025-05-13T13:44:12","guid":{"rendered":"https:\/\/orthopus.com\/?p=16157"},"modified":"2025-05-19T14:38:04","modified_gmt":"2025-05-19T12:38:04","slug":"fin-de-vie-un-debat-central-dans-l-hemicycle-francais","status":"publish","type":"post","link":"https:\/\/orthopus.com\/fr\/fin-de-vie-un-debat-central-dans-l-hemicycle-francais\/","title":{"rendered":"D\u00e9bats sur la fin de vie : un sujet de soci\u00e9t\u00e9 au coeur de l&#8217;h\u00e9micycle fran\u00e7ais"},"content":{"rendered":"\t\t<div data-elementor-type=\"wp-post\" data-elementor-id=\"16157\" class=\"elementor elementor-16157\" data-elementor-post-type=\"post\">\n\t\t\t\t\t\t<section class=\"elementor-section elementor-top-section elementor-element elementor-element-37f0faa elementor-section-boxed elementor-section-height-default elementor-section-height-default\" data-id=\"37f0faa\" data-element_type=\"section\" data-e-type=\"section\" data-settings=\"{&quot;jet_parallax_layout_list&quot;:[]}\">\n\t\t\t\t\t\t<div class=\"elementor-container elementor-column-gap-default\">\n\t\t\t\t\t<div class=\"elementor-column elementor-col-100 elementor-top-column elementor-element elementor-element-079b370\" data-id=\"079b370\" data-element_type=\"column\" data-e-type=\"column\">\n\t\t\t<div class=\"elementor-widget-wrap elementor-element-populated\">\n\t\t\t\t\t\t<div class=\"elementor-element elementor-element-2441812 elementor-widget elementor-widget-text-editor\" data-id=\"2441812\" data-element_type=\"widget\" data-e-type=\"widget\" data-widget_type=\"text-editor.default\">\n\t\t\t\t<div class=\"elementor-widget-container\">\n\t\t\t\t\t\t\t\t\t<p><span style=\"font-weight: 400;\">Pr\u00e8s d\u2019un an apr\u00e8s la dissolution de l\u2019Assembl\u00e9e nationale d\u00e9cid\u00e9e par Emmanuel Macron en juin 2024, l\u2019examen de la proposition de loi sur la fin de vie reprend. Ce texte sensible continue de diviser une grande partie des Fran\u00e7ais et des Fran\u00e7aises<\/span><span style=\"font-weight: 400;\">(<a href=\"https:\/\/www.francetvinfo.fr\/societe\/euthanasie\/direct-fin-de-vie-les-propositions-de-loi-sur-les-soins-palliatifs-et-l-aide-a-mourir-arrivent-a-l-assemblee-nationale-suivez-le-premier-jour-des-debats_7242081.html\">1<\/a>,<a href=\"https:\/\/www.la-croix.com\/societe\/lois-fin-de-vie-l-inquietude-monte-dans-le-monde-catholique-20250511\">2<\/a>)<\/span><span style=\"font-weight: 400;\">.<\/span><\/p>\t\t\t\t\t\t\t\t<\/div>\n\t\t\t\t<\/div>\n\t\t\t\t\t<\/div>\n\t\t<\/div>\n\t\t\t\t\t<\/div>\n\t\t<\/section>\n\t\t\t\t<section class=\"elementor-section elementor-top-section elementor-element elementor-element-11a8376 elementor-section-boxed elementor-section-height-default elementor-section-height-default\" data-id=\"11a8376\" data-element_type=\"section\" data-e-type=\"section\" data-settings=\"{&quot;jet_parallax_layout_list&quot;:[]}\">\n\t\t\t\t\t\t<div class=\"elementor-container elementor-column-gap-default\">\n\t\t\t\t\t<div class=\"elementor-column elementor-col-100 elementor-top-column elementor-element elementor-element-4536bdb\" data-id=\"4536bdb\" data-element_type=\"column\" data-e-type=\"column\">\n\t\t\t<div class=\"elementor-widget-wrap elementor-element-populated\">\n\t\t\t\t\t\t<div class=\"elementor-element elementor-element-c8861de elementor-widget elementor-widget-spacer\" data-id=\"c8861de\" data-element_type=\"widget\" data-e-type=\"widget\" data-widget_type=\"spacer.default\">\n\t\t\t\t<div class=\"elementor-widget-container\">\n\t\t\t\t\t\t\t<div class=\"elementor-spacer\">\n\t\t\t<div class=\"elementor-spacer-inner\"><\/div>\n\t\t<\/div>\n\t\t\t\t\t\t<\/div>\n\t\t\t\t<\/div>\n\t\t\t\t<div class=\"elementor-element elementor-element-e6beee9 elementor-widget elementor-widget-heading\" data-id=\"e6beee9\" data-element_type=\"widget\" data-e-type=\"widget\" data-widget_type=\"heading.default\">\n\t\t\t\t<div class=\"elementor-widget-container\">\n\t\t\t\t\t<h2 class=\"elementor-heading-title elementor-size-default\">Deux poids, deux mesures<\/h2>\t\t\t\t<\/div>\n\t\t\t\t<\/div>\n\t\t\t\t\t<\/div>\n\t\t<\/div>\n\t\t\t\t\t<\/div>\n\t\t<\/section>\n\t\t\t\t<section class=\"elementor-section elementor-top-section elementor-element elementor-element-6ba5a8f elementor-section-boxed elementor-section-height-default elementor-section-height-default\" data-id=\"6ba5a8f\" data-element_type=\"section\" data-e-type=\"section\" data-settings=\"{&quot;jet_parallax_layout_list&quot;:[]}\">\n\t\t\t\t\t\t<div class=\"elementor-container elementor-column-gap-default\">\n\t\t\t\t\t<div class=\"elementor-column elementor-col-100 elementor-top-column elementor-element elementor-element-23a9397\" data-id=\"23a9397\" data-element_type=\"column\" data-e-type=\"column\">\n\t\t\t<div class=\"elementor-widget-wrap elementor-element-populated\">\n\t\t\t\t\t\t<div class=\"elementor-element elementor-element-0cd28cf elementor-widget elementor-widget-text-editor\" data-id=\"0cd28cf\" data-element_type=\"widget\" data-e-type=\"widget\" data-widget_type=\"text-editor.default\">\n\t\t\t\t<div class=\"elementor-widget-container\">\n\t\t\t\t\t\t\t\t\t<p><span style=\"font-weight: 400;\">En quoi consistent ces d\u00e9bats ? Deux propositions de lois sont au programme pour l\u2019Assembl\u00e9e Nationale : <strong>les soins palliatifs<\/strong> et <strong>l\u2019aide \u00e0 mourir<\/strong>. Sujets d\u00e9licats de ces derni\u00e8res ann\u00e9es avec la hausse de personnes en situation de vieillesse avanc\u00e9e ou de handicap grave qui souhaitent partir dignement, les d\u00e9put\u00e9\u2022es devront examiner ces questions avec le plus grand soin dans les prochains jours. La situation est si tendue que <strong>les diff\u00e9rents partis politiques n\u2019ont donn\u00e9 aucune consigne de vote<\/strong>, le choix rel\u00e8vera de la conscience et de la sagesse de chacun<\/span><span style=\"font-weight: 400;\">\u2022<\/span><span style=\"font-weight: 400;\">e <\/span><span style=\"font-weight: 400;\">(<a href=\"https:\/\/www.francetvinfo.fr\/societe\/euthanasie\/direct-fin-de-vie-les-propositions-de-loi-sur-les-soins-palliatifs-et-l-aide-a-mourir-arrivent-a-l-assemblee-nationale-suivez-le-premier-jour-des-debats_7242081.html\">1<\/a>,<a href=\"https:\/\/www.marianne.net\/politique\/bertrand-leo-combrade-la-consigne-de-vote-laisse-toujours-une-marge-de-manoeuvre-a-chaque-parlementaire\">3<\/a>)<\/span><span style=\"font-weight: 400;\">.<\/span><\/p>\t\t\t\t\t\t\t\t<\/div>\n\t\t\t\t<\/div>\n\t\t\t\t\t<\/div>\n\t\t<\/div>\n\t\t\t\t\t<\/div>\n\t\t<\/section>\n\t\t\t\t<section class=\"elementor-section elementor-top-section elementor-element elementor-element-144ee24 elementor-section-boxed elementor-section-height-default elementor-section-height-default\" data-id=\"144ee24\" data-element_type=\"section\" data-e-type=\"section\" data-settings=\"{&quot;jet_parallax_layout_list&quot;:[]}\">\n\t\t\t\t\t\t<div class=\"elementor-container elementor-column-gap-default\">\n\t\t\t\t\t<div class=\"elementor-column elementor-col-100 elementor-top-column elementor-element elementor-element-8ddb5e7\" data-id=\"8ddb5e7\" data-element_type=\"column\" data-e-type=\"column\">\n\t\t\t<div class=\"elementor-widget-wrap elementor-element-populated\">\n\t\t\t\t\t\t<div class=\"elementor-element elementor-element-794ea92 elementor-widget elementor-widget-spacer\" data-id=\"794ea92\" data-element_type=\"widget\" data-e-type=\"widget\" data-widget_type=\"spacer.default\">\n\t\t\t\t<div class=\"elementor-widget-container\">\n\t\t\t\t\t\t\t<div class=\"elementor-spacer\">\n\t\t\t<div class=\"elementor-spacer-inner\"><\/div>\n\t\t<\/div>\n\t\t\t\t\t\t<\/div>\n\t\t\t\t<\/div>\n\t\t\t\t<div class=\"elementor-element elementor-element-e597a40 elementor-widget elementor-widget-heading\" data-id=\"e597a40\" data-element_type=\"widget\" data-e-type=\"widget\" data-widget_type=\"heading.default\">\n\t\t\t\t<div class=\"elementor-widget-container\">\n\t\t\t\t\t<h2 class=\"elementor-heading-title elementor-size-default\">Au c\u0153ur du d\u00e9bat<\/h2>\t\t\t\t<\/div>\n\t\t\t\t<\/div>\n\t\t\t\t\t<\/div>\n\t\t<\/div>\n\t\t\t\t\t<\/div>\n\t\t<\/section>\n\t\t\t\t<section class=\"elementor-section elementor-top-section elementor-element elementor-element-cb02fea elementor-section-boxed elementor-section-height-default elementor-section-height-default\" data-id=\"cb02fea\" data-element_type=\"section\" data-e-type=\"section\" data-settings=\"{&quot;jet_parallax_layout_list&quot;:[]}\">\n\t\t\t\t\t\t<div class=\"elementor-container elementor-column-gap-default\">\n\t\t\t\t\t<div class=\"elementor-column elementor-col-100 elementor-top-column elementor-element elementor-element-7b2dbe3\" data-id=\"7b2dbe3\" data-element_type=\"column\" data-e-type=\"column\">\n\t\t\t<div class=\"elementor-widget-wrap elementor-element-populated\">\n\t\t\t\t\t\t<div class=\"elementor-element elementor-element-67af6cb elementor-widget elementor-widget-text-editor\" data-id=\"67af6cb\" data-element_type=\"widget\" data-e-type=\"widget\" data-widget_type=\"text-editor.default\">\n\t\t\t\t<div class=\"elementor-widget-container\">\n\t\t\t\t\t\t\t\t\t<p><span style=\"font-weight: 400;\">Si les deux lois sont \u00e9tudi\u00e9es en mai 2025, elles s\u2019opposent radicalement en prise de position. La proposition de loi relative aux <strong>soins palliatifs<\/strong> et d&#8217;accompagnement est port\u00e9e par la d\u00e9put\u00e9e Renaissance Annie Vidal, laquelle est oppos\u00e9e \u00e0 l\u2019aide \u00e0 mourir pr\u00e9sent\u00e9e comme telle. En avril dernier, elle avait obtenu l\u2019unanimit\u00e9 en commission pour ce projet qui vise \u00e0 am\u00e9liorer l\u2019acc\u00e8s aux soins palliatifs et la formation des soignants<\/span><a href=\"https:\/\/www.francetvinfo.fr\/societe\/euthanasie\/direct-fin-de-vie-les-propositions-de-loi-sur-les-soins-palliatifs-et-l-aide-a-mourir-arrivent-a-l-assemblee-nationale-suivez-le-premier-jour-des-debats_7242081.html\"><span style=\"font-weight: 400;\">(1)<\/span><\/a><span style=\"font-weight: 400;\">. L\u2019objectif de la d\u00e9put\u00e9e \u00e0 travers cette loi est d\u2019augmenter l\u2019accessibilit\u00e9 aux soins palliatifs, lesquels sont pourtant reconnus par la loi depuis 1999 mais faute de moyens l\u2019ex\u00e9cutif n\u2019est pas possible.<\/span><a href=\"https:\/\/www.francetvinfo.fr\/societe\/euthanasie\/fin-de-vie-cinq-questions-sur-les-soins-d-accompagnement-palliatifs-que-le-gouvernement-veut-developper_6226689.html\"><span style=\"font-weight: 400;\">(4)<\/span><\/a><span style=\"font-weight: 400;\">. De plus, selon la Cour des Comptes, le personnel soignant est d\u00e9muni face aux personnes qui approchent de la mort, notamment en EHPAD ou \u00e0 domicile<\/span><a href=\"https:\/\/www.francetvinfo.fr\/societe\/euthanasie\/fin-de-vie-cinq-questions-sur-les-soins-d-accompagnement-palliatifs-que-le-gouvernement-veut-developper_6226689.html\"><span style=\"font-weight: 400;\">(4)<\/span><\/a><span style=\"font-weight: 400;\">. Il s\u2019agit donc ici d\u2019<strong>augmenter la dignit\u00e9 des personnes en fin de vie<\/strong>.<\/span><\/p>\t\t\t\t\t\t\t\t<\/div>\n\t\t\t\t<\/div>\n\t\t\t\t\t<\/div>\n\t\t<\/div>\n\t\t\t\t\t<\/div>\n\t\t<\/section>\n\t\t\t\t<section class=\"elementor-section elementor-top-section elementor-element elementor-element-3ea8273 elementor-section-boxed elementor-section-height-default elementor-section-height-default\" data-id=\"3ea8273\" data-element_type=\"section\" data-e-type=\"section\" data-settings=\"{&quot;jet_parallax_layout_list&quot;:[]}\">\n\t\t\t\t\t\t<div class=\"elementor-container elementor-column-gap-default\">\n\t\t\t\t\t<div class=\"elementor-column elementor-col-100 elementor-top-column elementor-element elementor-element-10a6d50\" data-id=\"10a6d50\" data-element_type=\"column\" data-e-type=\"column\">\n\t\t\t<div class=\"elementor-widget-wrap elementor-element-populated\">\n\t\t\t\t\t\t<div class=\"elementor-element elementor-element-915cdf7 elementor-widget elementor-widget-image\" data-id=\"915cdf7\" data-element_type=\"widget\" data-e-type=\"widget\" data-widget_type=\"image.default\">\n\t\t\t\t<div class=\"elementor-widget-container\">\n\t\t\t\t\t\t\t\t\t\t\t\t\t\t\t<img fetchpriority=\"high\" decoding=\"async\" width=\"1024\" height=\"580\" src=\"https:\/\/orthopus.com\/wp-content\/uploads\/2025\/05\/annie-vidal-1_11zon-1024x580.webp\" class=\"attachment-large size-large wp-image-16175\" alt=\"Annie Vidal \u00e0 l&#039;Assembl\u00e9e nationale prenant la parole\" srcset=\"https:\/\/orthopus.com\/wp-content\/uploads\/2025\/05\/annie-vidal-1_11zon-1024x580.webp 1024w, https:\/\/orthopus.com\/wp-content\/uploads\/2025\/05\/annie-vidal-1_11zon-300x170.webp 300w, https:\/\/orthopus.com\/wp-content\/uploads\/2025\/05\/annie-vidal-1_11zon-768x435.webp 768w, https:\/\/orthopus.com\/wp-content\/uploads\/2025\/05\/annie-vidal-1_11zon-150x85.webp 150w, https:\/\/orthopus.com\/wp-content\/uploads\/2025\/05\/annie-vidal-1_11zon-600x340.webp 600w, https:\/\/orthopus.com\/wp-content\/uploads\/2025\/05\/annie-vidal-1_11zon-200x113.webp 200w, https:\/\/orthopus.com\/wp-content\/uploads\/2025\/05\/annie-vidal-1_11zon.webp 1200w\" sizes=\"(max-width: 1024px) 100vw, 1024px\" \/>\t\t\t\t\t\t\t\t\t\t\t\t\t\t\t<\/div>\n\t\t\t\t<\/div>\n\t\t\t\t\t<\/div>\n\t\t<\/div>\n\t\t\t\t\t<\/div>\n\t\t<\/section>\n\t\t\t\t<section class=\"elementor-section elementor-top-section elementor-element elementor-element-a2b5ee0 elementor-section-boxed elementor-section-height-default elementor-section-height-default\" data-id=\"a2b5ee0\" data-element_type=\"section\" data-e-type=\"section\" data-settings=\"{&quot;jet_parallax_layout_list&quot;:[]}\">\n\t\t\t\t\t\t<div class=\"elementor-container elementor-column-gap-default\">\n\t\t\t\t\t<div class=\"elementor-column elementor-col-100 elementor-top-column elementor-element elementor-element-538b841\" data-id=\"538b841\" data-element_type=\"column\" data-e-type=\"column\">\n\t\t\t<div class=\"elementor-widget-wrap elementor-element-populated\">\n\t\t\t\t\t\t<div class=\"elementor-element elementor-element-5069efa elementor-widget elementor-widget-text-editor\" data-id=\"5069efa\" data-element_type=\"widget\" data-e-type=\"widget\" data-widget_type=\"text-editor.default\">\n\t\t\t\t<div class=\"elementor-widget-container\">\n\t\t\t\t\t\t\t\t\t<p><i><span style=\"font-weight: 400;\">Annie Vidal, \u00e0 l&#8217;Assembl\u00e9e nationale. \u00a9 Maxppp &#8211; Aur\u00e9lien Morissard<\/span><\/i><\/p>\t\t\t\t\t\t\t\t<\/div>\n\t\t\t\t<\/div>\n\t\t\t\t\t<\/div>\n\t\t<\/div>\n\t\t\t\t\t<\/div>\n\t\t<\/section>\n\t\t\t\t<section class=\"elementor-section elementor-top-section elementor-element elementor-element-907cfaf elementor-section-boxed elementor-section-height-default elementor-section-height-default\" data-id=\"907cfaf\" data-element_type=\"section\" data-e-type=\"section\" data-settings=\"{&quot;jet_parallax_layout_list&quot;:[]}\">\n\t\t\t\t\t\t<div class=\"elementor-container elementor-column-gap-default\">\n\t\t\t\t\t<div class=\"elementor-column elementor-col-100 elementor-top-column elementor-element elementor-element-e1a081a\" data-id=\"e1a081a\" data-element_type=\"column\" data-e-type=\"column\">\n\t\t\t<div class=\"elementor-widget-wrap elementor-element-populated\">\n\t\t\t\t\t\t<div class=\"elementor-element elementor-element-2dc2797 elementor-widget elementor-widget-spacer\" data-id=\"2dc2797\" data-element_type=\"widget\" data-e-type=\"widget\" data-widget_type=\"spacer.default\">\n\t\t\t\t<div class=\"elementor-widget-container\">\n\t\t\t\t\t\t\t<div class=\"elementor-spacer\">\n\t\t\t<div class=\"elementor-spacer-inner\"><\/div>\n\t\t<\/div>\n\t\t\t\t\t\t<\/div>\n\t\t\t\t<\/div>\n\t\t\t\t<div class=\"elementor-element elementor-element-c01d8d0 elementor-widget elementor-widget-text-editor\" data-id=\"c01d8d0\" data-element_type=\"widget\" data-e-type=\"widget\" data-widget_type=\"text-editor.default\">\n\t\t\t\t<div class=\"elementor-widget-container\">\n\t\t\t\t\t\t\t\t\t<p><span style=\"font-weight: 400;\">La proposition de loi sur <strong>l\u2019aide \u00e0 mourir<\/strong> est port\u00e9e, quant \u00e0 elle, par le d\u00e9put\u00e9 Modem (centriste) Olivier Falorni<\/span><a href=\"https:\/\/www.lesechos.fr\/politique-societe\/politique\/assemblee-nationale-olivier-falorni-rejoint-le-groupe-modem-1852330\"><span style=\"font-weight: 400;\">(5)<\/span><\/a><span style=\"font-weight: 400;\">, fervent d\u00e9fenseur du \u201cdroit de mourir dans la dignit\u00e9\u201d. Il pr\u00e9voit d\u2019ouvrir le \u2018suicide assist\u00e9\u2019 et l\u2019euthanasie aux personnes qui ont\u00a0 des affections graves et incurables en phase avanc\u00e9e ou terminale<\/span><a href=\"https:\/\/www.francetvinfo.fr\/societe\/euthanasie\/direct-fin-de-vie-les-propositions-de-loi-sur-les-soins-palliatifs-et-l-aide-a-mourir-arrivent-a-l-assemblee-nationale-suivez-le-premier-jour-des-debats_7242081.html\"><span style=\"font-weight: 400;\">(1)<\/span><\/a><span style=\"font-weight: 400;\">. Ce texte, combattu par de nombreux \u00e9lus de droite et d\u2019extr\u00eame droite, <strong>divise m\u00eame au sein du gouvernement<\/strong> avec notamment le soutien de G\u00e9rald Darmanin (Ministre de la Justice) et l\u2019opposition franche de Bruno Retailleau (Ministre de l\u2019Int\u00e9rieur). Le texte avait \u00e9t\u00e9 adopt\u00e9 en commission avec une majorit\u00e9 de 28 voix contre 15 et une abstention<\/span><a href=\"https:\/\/www.francetvinfo.fr\/societe\/euthanasie\/direct-fin-de-vie-les-propositions-de-loi-sur-les-soins-palliatifs-et-l-aide-a-mourir-arrivent-a-l-assemblee-nationale-suivez-le-premier-jour-des-debats_7242081.html\"><span style=\"font-weight: 400;\">(1)<\/span><\/a><span style=\"font-weight: 400;\">.\u00a0<\/span><\/p>\t\t\t\t\t\t\t\t<\/div>\n\t\t\t\t<\/div>\n\t\t\t\t\t<\/div>\n\t\t<\/div>\n\t\t\t\t\t<\/div>\n\t\t<\/section>\n\t\t\t\t<section class=\"elementor-section elementor-top-section elementor-element elementor-element-1d230cb elementor-section-boxed elementor-section-height-default elementor-section-height-default\" data-id=\"1d230cb\" data-element_type=\"section\" data-e-type=\"section\" data-settings=\"{&quot;jet_parallax_layout_list&quot;:[]}\">\n\t\t\t\t\t\t<div class=\"elementor-container elementor-column-gap-default\">\n\t\t\t\t\t<div class=\"elementor-column elementor-col-100 elementor-top-column elementor-element elementor-element-feb0ea2\" data-id=\"feb0ea2\" data-element_type=\"column\" data-e-type=\"column\">\n\t\t\t<div class=\"elementor-widget-wrap elementor-element-populated\">\n\t\t\t\t\t\t<div class=\"elementor-element elementor-element-0c9b0eb elementor-widget elementor-widget-image\" data-id=\"0c9b0eb\" data-element_type=\"widget\" data-e-type=\"widget\" data-widget_type=\"image.default\">\n\t\t\t\t<div class=\"elementor-widget-container\">\n\t\t\t\t\t\t\t\t\t\t\t\t\t\t\t<img decoding=\"async\" width=\"1024\" height=\"580\" src=\"https:\/\/orthopus.com\/wp-content\/uploads\/2025\/05\/olivier-falorni-1_11zon-1024x580.webp\" class=\"attachment-large size-large wp-image-16171\" alt=\"Olivier Faroni prenant la parole \u00e0 Radio France\" srcset=\"https:\/\/orthopus.com\/wp-content\/uploads\/2025\/05\/olivier-falorni-1_11zon-1024x580.webp 1024w, https:\/\/orthopus.com\/wp-content\/uploads\/2025\/05\/olivier-falorni-1_11zon-300x170.webp 300w, https:\/\/orthopus.com\/wp-content\/uploads\/2025\/05\/olivier-falorni-1_11zon-768x435.webp 768w, https:\/\/orthopus.com\/wp-content\/uploads\/2025\/05\/olivier-falorni-1_11zon-150x85.webp 150w, https:\/\/orthopus.com\/wp-content\/uploads\/2025\/05\/olivier-falorni-1_11zon-600x340.webp 600w, https:\/\/orthopus.com\/wp-content\/uploads\/2025\/05\/olivier-falorni-1_11zon-200x113.webp 200w, https:\/\/orthopus.com\/wp-content\/uploads\/2025\/05\/olivier-falorni-1_11zon.webp 1200w\" sizes=\"(max-width: 1024px) 100vw, 1024px\" \/>\t\t\t\t\t\t\t\t\t\t\t\t\t\t\t<\/div>\n\t\t\t\t<\/div>\n\t\t\t\t\t<\/div>\n\t\t<\/div>\n\t\t\t\t\t<\/div>\n\t\t<\/section>\n\t\t\t\t<section class=\"elementor-section elementor-top-section elementor-element elementor-element-c3ab3a0 elementor-section-boxed elementor-section-height-default elementor-section-height-default\" data-id=\"c3ab3a0\" data-element_type=\"section\" data-e-type=\"section\" data-settings=\"{&quot;jet_parallax_layout_list&quot;:[]}\">\n\t\t\t\t\t\t<div class=\"elementor-container elementor-column-gap-default\">\n\t\t\t\t\t<div class=\"elementor-column elementor-col-100 elementor-top-column elementor-element elementor-element-b83c7c9\" data-id=\"b83c7c9\" data-element_type=\"column\" data-e-type=\"column\">\n\t\t\t<div class=\"elementor-widget-wrap elementor-element-populated\">\n\t\t\t\t\t\t<div class=\"elementor-element elementor-element-fd4b317 elementor-widget elementor-widget-text-editor\" data-id=\"fd4b317\" data-element_type=\"widget\" data-e-type=\"widget\" data-widget_type=\"text-editor.default\">\n\t\t\t\t<div class=\"elementor-widget-container\">\n\t\t\t\t\t\t\t\t\t<p><i><span style=\"font-weight: 400;\">Olivier Falorni &#8211; D\u00e9put\u00e9 de Charente-Maritime \u00a9 Radio France<\/span><\/i><\/p>\t\t\t\t\t\t\t\t<\/div>\n\t\t\t\t<\/div>\n\t\t\t\t\t<\/div>\n\t\t<\/div>\n\t\t\t\t\t<\/div>\n\t\t<\/section>\n\t\t\t\t<section class=\"elementor-section elementor-top-section elementor-element elementor-element-74e6aab elementor-section-boxed elementor-section-height-default elementor-section-height-default\" data-id=\"74e6aab\" data-element_type=\"section\" data-e-type=\"section\" data-settings=\"{&quot;jet_parallax_layout_list&quot;:[]}\">\n\t\t\t\t\t\t<div class=\"elementor-container elementor-column-gap-default\">\n\t\t\t\t\t<div class=\"elementor-column elementor-col-100 elementor-top-column elementor-element elementor-element-6747fcc\" data-id=\"6747fcc\" data-element_type=\"column\" data-e-type=\"column\">\n\t\t\t<div class=\"elementor-widget-wrap elementor-element-populated\">\n\t\t\t\t\t\t<div class=\"elementor-element elementor-element-1ee88f2 elementor-widget elementor-widget-spacer\" data-id=\"1ee88f2\" data-element_type=\"widget\" data-e-type=\"widget\" data-widget_type=\"spacer.default\">\n\t\t\t\t<div class=\"elementor-widget-container\">\n\t\t\t\t\t\t\t<div class=\"elementor-spacer\">\n\t\t\t<div class=\"elementor-spacer-inner\"><\/div>\n\t\t<\/div>\n\t\t\t\t\t\t<\/div>\n\t\t\t\t<\/div>\n\t\t\t\t<div class=\"elementor-element elementor-element-8900247 elementor-widget elementor-widget-heading\" data-id=\"8900247\" data-element_type=\"widget\" data-e-type=\"widget\" data-widget_type=\"heading.default\">\n\t\t\t\t<div class=\"elementor-widget-container\">\n\t\t\t\t\t<h2 class=\"elementor-heading-title elementor-size-default\">Divisions et interrogations<\/h2>\t\t\t\t<\/div>\n\t\t\t\t<\/div>\n\t\t\t\t\t<\/div>\n\t\t<\/div>\n\t\t\t\t\t<\/div>\n\t\t<\/section>\n\t\t\t\t<section class=\"elementor-section elementor-top-section elementor-element elementor-element-965a4e7 elementor-section-boxed elementor-section-height-default elementor-section-height-default\" data-id=\"965a4e7\" data-element_type=\"section\" data-e-type=\"section\" data-settings=\"{&quot;jet_parallax_layout_list&quot;:[]}\">\n\t\t\t\t\t\t<div class=\"elementor-container elementor-column-gap-default\">\n\t\t\t\t\t<div class=\"elementor-column elementor-col-100 elementor-top-column elementor-element elementor-element-e31563a\" data-id=\"e31563a\" data-element_type=\"column\" data-e-type=\"column\">\n\t\t\t<div class=\"elementor-widget-wrap elementor-element-populated\">\n\t\t\t\t\t\t<div class=\"elementor-element elementor-element-d714ef2 elementor-widget elementor-widget-text-editor\" data-id=\"d714ef2\" data-element_type=\"widget\" data-e-type=\"widget\" data-widget_type=\"text-editor.default\">\n\t\t\t\t<div class=\"elementor-widget-container\">\n\t\t\t\t\t\t\t\t\t<p><span style=\"font-weight: 400;\">Le 12 mai 2025 au matin, la Ministre de la Sant\u00e9, Catherine Vautrin s\u2019exprimait sur BFMTV et assurait : <\/span><i><span style=\"font-weight: 400;\">\u201c[qu\u2019]aucun soignant ne sera oblig\u00e9 de pratiquer l&#8217;acte l\u00e9tal&#8221;<\/span><\/i><span style=\"font-weight: 400;\">. Elle ajoutait \u00e9galement qu&#8217;une <\/span><i><span style=\"font-weight: 400;\">&#8220;clause de conscience&#8221;<\/span><\/i><span style=\"font-weight: 400;\"> s&#8217;appliquera<\/span><a href=\"https:\/\/www.bfmtv.com\/politique\/projet-de-loi-sur-la-fin-de-vie-je-ne-veux-pas-utiliser-le-mot-euthanasie-indique-olivier-falorni-ancien-rapporteur-general-de-la-commission-speciale_VN-202505120260.html\"><span style=\"font-weight: 400;\">(6)<\/span><\/a><span style=\"font-weight: 400;\">. Le texte sur l\u2019aide \u00e0 mourir proposait initialement que c\u2019\u00e9tait \u00e0 la personne concern\u00e9e de pratiquer le geste final (exception faite si elle est dans l\u2019incapacit\u00e9 de le faire, le\u2022la soignant\u2022e pouvait alors l\u2019aider). Apr\u00e8s le passage devant la commission, cette partie a \u00e9t\u00e9 revue et modifi\u00e9e pour permettre \u00e0 la personne directement impliqu\u00e9e d\u2019avoir le choix entre sa main ou celle du\u2022de la soignant\u2022e.<\/span><\/p><p>Sont \u00e9galement concern\u00e9es, au-del\u00e0 de la personne en situation de handicap grave ou de vieillesse dont le pronostic vital est engag\u00e9, les personnes accident\u00e9es graves<a href=\"https:\/\/www.ouest-france.fr\/societe\/fin-de-vie\/fin-de-vie-que-contiennent-les-deux-textes-debattus-a-lassemblee-a-partir-de-ce-lundi-3c52c0b2-29ba-11f0-964c-4f0f93c651c3\"><span style=\"font-weight: 400;\">(7)<\/span><\/a><span style=\"font-weight: 400;\">.<\/span><\/p><p>\u00a0<\/p><p>Alors qu&#8217;Emmanuel Macron \u00e9tait interrog\u00e9 sur TF1 le mardi 13 mai 2025, par le journaliste <strong>Charles Bi\u00e9try (lui m\u00eame vivant avec la maladie de Charcot)<\/strong>, la question de l&#8217;adoption de ces deux projets de loi reste au coeur des d\u00e9bats. \u00c0 cette occasion, Charles Bi\u00e9try a d\u00e9clar\u00e9 : <em>&#8220;Ma vie a \u00e9t\u00e9 tr\u00e8s belle, je voudrais que ma mort le soit aussi&#8221;.<\/em><\/p><p>Emmanuel Macron a r\u00e9pondu : <em>&#8220;Je souhaite que le texte qui est engag\u00e9 aujourd&#8217;hui soit vot\u00e9&#8221;<\/em>. Il d\u00e9fend un <em>&#8220;texte d&#8217;\u00e9quilibre&#8221;<\/em>, qui, selon lui, permettrait <em>&#8220;quand il n&#8217;y a plus d&#8217;espoir, [d&#8217;]aider \u00e0 partir dans la dignit\u00e9&#8221;<\/em>. Il r\u00e9affirme son souhait de renforcer les soins palliatifs, il n&#8217;envisage un recours au r\u00e9f\u00e9rendum que <em>&#8220;si le d\u00e9bat parlementaire \u00e9tait bloqu\u00e9&#8221;<\/em>. <a href=\"https:\/\/www.francetvinfo.fr\/societe\/euthanasie\/direct-fin-de-vie-les-propositions-de-loi-sur-les-soins-palliatifs-et-l-aide-a-mourir-arrivent-a-l-assemblee-nationale-suivez-le-premier-jour-des-debats_7242081.html\">(1)<\/a>. En particulier des Fran\u00e7ais et Fran\u00e7aises qui vivent avec <strong>une maladie neuromusculaire<\/strong> au quotidien, comme la maladie de Charcot ou la scl\u00e9rose en plaques : <i>\u201ccette loi sur la fin de vie est n\u00e9cessaire&#8221;<\/i>, d\u00e9clare <a href=\"https:\/\/www.tf1info.fr\/sante\/videos\/video-cette-loi-sur-la-fin-de-vie-est-necessaire-le-temoignage-de-michel-atteint-de-la-maladie-de-charcot-48792-2370223.html\">Michel, porteur de la maladie de Charcot<\/a><a href=\"https:\/\/www.tf1info.fr\/sante\/videos\/video-cette-loi-sur-la-fin-de-vie-est-necessaire-le-temoignage-de-michel-atteint-de-la-maladie-de-charcot-48792-2370223.html\">(8)<\/a>.\u00a0<\/p><p><span style=\"font-weight: 400;\"><br \/>C\u2019est un soulagement pour beaucoup de personnes malades en France : l\u2019\u00e9tude de la proposition de loi sur l\u2019aide \u00e0 mourir est attendue depuis plusieurs ann\u00e9es. <strong>Ce texte suscite pourtant de vives inqui\u00e9tudes<\/strong> chez certain\u2022es \u00e9lu\u2022es, qui expriment leur crainte en le qualifiant de <\/span><i><span style=\"font-weight: 400;\">\u201cd\u00e9s\u00e9quilibr\u00e9\u201d<\/span><\/i><span style=\"font-weight: 400;\">, comme Bruno Retailleau (Ministre de l\u2019Int\u00e9rieur)<\/span><a href=\"https:\/\/www.tf1info.fr\/politique\/je-me-battrai-bruno-retailleau-fermement-oppose-au-texte-sur-l-aide-a-mourir-qu-il-juge-desequilibre-2370074.html\"><span style=\"font-weight: 400;\">(9)<\/span><\/a><span style=\"font-weight: 400;\">. \u00c0 l\u2019inverse, l\u2019ancien Premier Ministre Gabriel Attal et la chanteuse Line Renaud ont cosign\u00e9 une tribune le d\u00e9fendant<\/span><a href=\"https:\/\/www.tf1info.fr\/politique\/je-me-battrai-bruno-retailleau-fermement-oppose-au-texte-sur-l-aide-a-mourir-qu-il-juge-desequilibre-2370074.html\"><span style=\"font-weight: 400;\">(9)<\/span><\/a><span style=\"font-weight: 400;\">.<\/span><\/p><p><span style=\"font-weight: 400;\">\u00a0<\/span><\/p><p><i><span style=\"font-weight: 400;\">\u201cCette loi je l&#8217;attendais\u201d<\/span><\/i><span style=\"font-weight: 400;\"> | <\/span><a href=\"https:\/\/www.rfi.fr\/fr\/podcasts\/reportage-france\/20240428-fin-de-vie-cette-loi-je-l-attendais-le-t%C3%A9moignage-de-lo%C3%AFc-atteint-de-la-maladie-de-charcot\"><span style=\"font-weight: 400;\">Lo\u00efc, porteur de la maladie de Charcot<\/span><\/a><a href=\"https:\/\/www.rfi.fr\/fr\/podcasts\/reportage-france\/20240428-fin-de-vie-cette-loi-je-l-attendais-le-t%C3%A9moignage-de-lo%C3%AFc-atteint-de-la-maladie-de-charcot\"><span style=\"font-weight: 400;\">(10)<\/span><\/a><span style=\"font-weight: 400;\">.<\/span><\/p>\t\t\t\t\t\t\t\t<\/div>\n\t\t\t\t<\/div>\n\t\t\t\t\t<\/div>\n\t\t<\/div>\n\t\t\t\t\t<\/div>\n\t\t<\/section>\n\t\t\t\t<section class=\"elementor-section elementor-top-section elementor-element elementor-element-3291c40 elementor-section-boxed elementor-section-height-default elementor-section-height-default\" data-id=\"3291c40\" data-element_type=\"section\" data-e-type=\"section\" data-settings=\"{&quot;jet_parallax_layout_list&quot;:[]}\">\n\t\t\t\t\t\t<div class=\"elementor-container elementor-column-gap-default\">\n\t\t\t\t\t<div class=\"elementor-column elementor-col-100 elementor-top-column elementor-element elementor-element-31f7979\" data-id=\"31f7979\" data-element_type=\"column\" data-e-type=\"column\">\n\t\t\t<div class=\"elementor-widget-wrap elementor-element-populated\">\n\t\t\t\t\t\t<div class=\"elementor-element elementor-element-f9606ff elementor-widget elementor-widget-spacer\" data-id=\"f9606ff\" data-element_type=\"widget\" data-e-type=\"widget\" data-widget_type=\"spacer.default\">\n\t\t\t\t<div class=\"elementor-widget-container\">\n\t\t\t\t\t\t\t<div class=\"elementor-spacer\">\n\t\t\t<div class=\"elementor-spacer-inner\"><\/div>\n\t\t<\/div>\n\t\t\t\t\t\t<\/div>\n\t\t\t\t<\/div>\n\t\t\t\t<div class=\"elementor-element elementor-element-cf9b606 elementor-widget elementor-widget-heading\" data-id=\"cf9b606\" data-element_type=\"widget\" data-e-type=\"widget\" data-widget_type=\"heading.default\">\n\t\t\t\t<div class=\"elementor-widget-container\">\n\t\t\t\t\t<h2 class=\"elementor-heading-title elementor-size-default\">L\u2019opposition en d\u00e9saccord<\/h2>\t\t\t\t<\/div>\n\t\t\t\t<\/div>\n\t\t\t\t\t<\/div>\n\t\t<\/div>\n\t\t\t\t\t<\/div>\n\t\t<\/section>\n\t\t\t\t<section class=\"elementor-section elementor-top-section elementor-element elementor-element-6c046c4 elementor-section-boxed elementor-section-height-default elementor-section-height-default\" data-id=\"6c046c4\" data-element_type=\"section\" data-e-type=\"section\" data-settings=\"{&quot;jet_parallax_layout_list&quot;:[]}\">\n\t\t\t\t\t\t<div class=\"elementor-container elementor-column-gap-default\">\n\t\t\t\t\t<div class=\"elementor-column elementor-col-100 elementor-top-column elementor-element elementor-element-34942b1\" data-id=\"34942b1\" data-element_type=\"column\" data-e-type=\"column\">\n\t\t\t<div class=\"elementor-widget-wrap elementor-element-populated\">\n\t\t\t\t\t\t<div class=\"elementor-element elementor-element-67045df elementor-widget elementor-widget-text-editor\" data-id=\"67045df\" data-element_type=\"widget\" data-e-type=\"widget\" data-widget_type=\"text-editor.default\">\n\t\t\t\t<div class=\"elementor-widget-container\">\n\t\t\t\t\t\t\t\t\t<p><span style=\"font-weight: 400;\">C\u2019est un d\u00e9bat qui fait les gros titres de tous les quotidiens r\u00e9cents. Le journal La Croix s\u2019est int\u00e9ress\u00e9 \u00e0 ce qu\u2019en pensent les catholiques, religion qui punit le suicide par l\u2019Enfer post-mortem. Est cit\u00e9 notamment l\u2019archev\u00eaque de Reims, \u00c9ric de Moulin-Beaufort, qui r\u00e9agissait aux propos d\u2019Emmanuel Macron tenus le 6 mai dernier : \u201c<\/span><i><span style=\"font-weight: 400;\">Non, Monsieur le Pr\u00e9sident, le choix de faire mourir et d\u2019aider \u00e0 se tuer n\u2019est pas celui du moindre mal. C\u2019est celui de la mort tout court. Celui de l\u2019abandon et du refus d\u2019aider jusqu\u2019au bou<\/span><\/i><span style=\"font-weight: 400;\">t\u201d<\/span><span style=\"font-weight: 400;\">(<a href=\"https:\/\/www.la-croix.com\/societe\/lois-fin-de-vie-l-inquietude-monte-dans-le-monde-catholique-20250511\">2<\/a>,<a href=\"https:\/\/www.la-croix.com\/religion\/fin-de-vie-le-president-de-la-conference-des-eveques-repond-a-emmanuel-macron-20250506\">11<\/a>)<\/span><span style=\"font-weight: 400;\">. <strong>Certains membres de l\u2019\u00c9glise s&#8217;opposent vivement<\/strong> aux c\u00f4t\u00e9s de l\u2019archev\u00eaque de Reims contre la proposition de loi. Il accompagne m\u00eame son message virulent d\u2019une photo et d\u2019une citation du d\u00e9funt pape Fran\u00e7ois : <\/span><i><span style=\"font-weight: 400;\">\u201cOn ne joue pas avec la vie\u201d<\/span><\/i><span style=\"font-weight: 400;\">, avait affirm\u00e9 le Souverain pontife en 2023 \u00e0 l\u2019occasion d\u2019un d\u00e9placement \u00e0 Marseille\u201d<\/span><a href=\"https:\/\/www.la-croix.com\/religion\/fin-de-vie-le-president-de-la-conference-des-eveques-repond-a-emmanuel-macron-20250506\"><span style=\"font-weight: 400;\">(11)<\/span><\/a><span style=\"font-weight: 400;\">.<\/span><\/p>\t\t\t\t\t\t\t\t<\/div>\n\t\t\t\t<\/div>\n\t\t\t\t\t<\/div>\n\t\t<\/div>\n\t\t\t\t\t<\/div>\n\t\t<\/section>\n\t\t\t\t<section class=\"elementor-section elementor-top-section elementor-element elementor-element-627acd2 elementor-section-boxed elementor-section-height-default elementor-section-height-default\" data-id=\"627acd2\" data-element_type=\"section\" data-e-type=\"section\" data-settings=\"{&quot;jet_parallax_layout_list&quot;:[]}\">\n\t\t\t\t\t\t<div class=\"elementor-container elementor-column-gap-default\">\n\t\t\t\t\t<div class=\"elementor-column elementor-col-100 elementor-top-column elementor-element elementor-element-cf4c8ac\" data-id=\"cf4c8ac\" data-element_type=\"column\" data-e-type=\"column\">\n\t\t\t<div class=\"elementor-widget-wrap elementor-element-populated\">\n\t\t\t\t\t\t<div class=\"elementor-element elementor-element-67b25d6 elementor-widget elementor-widget-image\" data-id=\"67b25d6\" data-element_type=\"widget\" data-e-type=\"widget\" data-widget_type=\"image.default\">\n\t\t\t\t<div class=\"elementor-widget-container\">\n\t\t\t\t\t\t\t\t\t\t\t\t\t\t\t<img decoding=\"async\" width=\"670\" height=\"541\" src=\"https:\/\/orthopus.com\/wp-content\/uploads\/2025\/05\/Tweet-Eric-de-Moulins-Beaufort.webp\" class=\"attachment-large size-large wp-image-16189\" alt=\"Tweet de Eric de Moulins-Beaufort sur une citation du pape Fran\u00e7ois\" srcset=\"https:\/\/orthopus.com\/wp-content\/uploads\/2025\/05\/Tweet-Eric-de-Moulins-Beaufort.webp 670w, https:\/\/orthopus.com\/wp-content\/uploads\/2025\/05\/Tweet-Eric-de-Moulins-Beaufort-300x242.webp 300w, https:\/\/orthopus.com\/wp-content\/uploads\/2025\/05\/Tweet-Eric-de-Moulins-Beaufort-600x484.webp 600w, https:\/\/orthopus.com\/wp-content\/uploads\/2025\/05\/Tweet-Eric-de-Moulins-Beaufort-200x161.webp 200w\" sizes=\"(max-width: 670px) 100vw, 670px\" \/>\t\t\t\t\t\t\t\t\t\t\t\t\t\t\t<\/div>\n\t\t\t\t<\/div>\n\t\t\t\t<div class=\"elementor-element elementor-element-d0b3297 elementor-widget elementor-widget-spacer\" data-id=\"d0b3297\" data-element_type=\"widget\" data-e-type=\"widget\" data-widget_type=\"spacer.default\">\n\t\t\t\t<div class=\"elementor-widget-container\">\n\t\t\t\t\t\t\t<div class=\"elementor-spacer\">\n\t\t\t<div class=\"elementor-spacer-inner\"><\/div>\n\t\t<\/div>\n\t\t\t\t\t\t<\/div>\n\t\t\t\t<\/div>\n\t\t\t\t\t<\/div>\n\t\t<\/div>\n\t\t\t\t\t<\/div>\n\t\t<\/section>\n\t\t\t\t<section class=\"elementor-section elementor-top-section elementor-element elementor-element-797b1df elementor-section-boxed elementor-section-height-default elementor-section-height-default\" data-id=\"797b1df\" data-element_type=\"section\" data-e-type=\"section\" data-settings=\"{&quot;jet_parallax_layout_list&quot;:[]}\">\n\t\t\t\t\t\t<div class=\"elementor-container elementor-column-gap-default\">\n\t\t\t\t\t<div class=\"elementor-column elementor-col-100 elementor-top-column elementor-element elementor-element-9e87c0c\" data-id=\"9e87c0c\" data-element_type=\"column\" data-e-type=\"column\">\n\t\t\t<div class=\"elementor-widget-wrap elementor-element-populated\">\n\t\t\t\t\t\t<div class=\"elementor-element elementor-element-db8b8ef elementor-widget elementor-widget-text-editor\" data-id=\"db8b8ef\" data-element_type=\"widget\" data-e-type=\"widget\" data-widget_type=\"text-editor.default\">\n\t\t\t\t<div class=\"elementor-widget-container\">\n\t\t\t\t\t\t\t\t\t<p><span style=\"font-weight: 400;\">La Haute Autorit\u00e9 de Sant\u00e9 a \u00e9galement tenu \u00e0 pr\u00e9ciser au vu des conditions d\u2019\u00e9ligibilit\u00e9 pr\u00e9vues dans la proposition de loi pour l\u2019aide \u00e0 mourir, qu\u2019il est <strong>impossible d\u2019estimer une \u00e9ch\u00e9ance de vie \u00e0 l\u2019\u00e9chelle d\u2019une maladie, mais qu\u2019on ne peut le faire qu\u2019\u00e0 l\u2019\u00e9chelle d\u2019une personne vivant avec cette maladie<\/strong>, car il existe trop de\u00a0 <\/span><i><span style=\"font-weight: 400;\">\u201cbiais subjectifs\u201d<\/span><\/i><span style=\"font-weight: 400;\">, comme <\/span><i><span style=\"font-weight: 400;\">\u201cla r\u00e9silience individuelle, l\u2019exercice particulier de la m\u00e9decine etc.\u201d<\/span><\/i><a href=\"https:\/\/www.ouest-france.fr\/societe\/fin-de-vie\/fin-de-vie-que-contiennent-les-deux-textes-debattus-a-lassemblee-a-partir-de-ce-lundi-3c52c0b2-29ba-11f0-964c-4f0f93c651c3\"><span style=\"font-weight: 400;\">(7)<\/span><\/a><span style=\"font-weight: 400;\">. Se pose \u00e9galement la question de l\u2019impact psychologique des proches ou du soignant qui pratique l\u2019euthanasie ou le suicide assist\u00e9. Le suivi psychologique semble important si la loi d\u2019aide \u00e0 mourir passe, d\u2019autant plus s\u2019il y a un conflit entre les proches et la d\u00e9cision de la personne qui fait le choix, ou du\u2022de la soignant\u2022e qui aide. La question soulev\u00e9e par la Haute Autorit\u00e9 de Sant\u00e9 p\u00e8sera s\u00fbrement sur la conscience des d\u00e9put\u00e9\u2022es qui voteront : quand et qui peut d\u00e9signer une vie comme non vivable ?<\/span><\/p>\t\t\t\t\t\t\t\t<\/div>\n\t\t\t\t<\/div>\n\t\t\t\t\t<\/div>\n\t\t<\/div>\n\t\t\t\t\t<\/div>\n\t\t<\/section>\n\t\t\t\t<section class=\"elementor-section elementor-top-section elementor-element elementor-element-c1103fb elementor-section-boxed elementor-section-height-default elementor-section-height-default\" data-id=\"c1103fb\" data-element_type=\"section\" data-e-type=\"section\" data-settings=\"{&quot;jet_parallax_layout_list&quot;:[]}\">\n\t\t\t\t\t\t<div class=\"elementor-container elementor-column-gap-default\">\n\t\t\t\t\t<div class=\"elementor-column elementor-col-100 elementor-top-column elementor-element elementor-element-af04567\" data-id=\"af04567\" data-element_type=\"column\" data-e-type=\"column\">\n\t\t\t<div class=\"elementor-widget-wrap elementor-element-populated\">\n\t\t\t\t\t\t<div class=\"elementor-element elementor-element-5e0721e elementor-widget elementor-widget-spacer\" data-id=\"5e0721e\" data-element_type=\"widget\" data-e-type=\"widget\" data-widget_type=\"spacer.default\">\n\t\t\t\t<div class=\"elementor-widget-container\">\n\t\t\t\t\t\t\t<div class=\"elementor-spacer\">\n\t\t\t<div class=\"elementor-spacer-inner\"><\/div>\n\t\t<\/div>\n\t\t\t\t\t\t<\/div>\n\t\t\t\t<\/div>\n\t\t\t\t<div class=\"elementor-element elementor-element-deb7f83 elementor-widget elementor-widget-heading\" data-id=\"deb7f83\" data-element_type=\"widget\" data-e-type=\"widget\" data-widget_type=\"heading.default\">\n\t\t\t\t<div class=\"elementor-widget-container\">\n\t\t\t\t\t<h2 class=\"elementor-heading-title elementor-size-default\">Zoom sur d\u2019autres positions \u00e0 l\u2019\u00e9tranger<\/h2>\t\t\t\t<\/div>\n\t\t\t\t<\/div>\n\t\t\t\t\t<\/div>\n\t\t<\/div>\n\t\t\t\t\t<\/div>\n\t\t<\/section>\n\t\t\t\t<section class=\"elementor-section elementor-top-section elementor-element elementor-element-0721e95 elementor-section-boxed elementor-section-height-default elementor-section-height-default\" data-id=\"0721e95\" data-element_type=\"section\" data-e-type=\"section\" data-settings=\"{&quot;jet_parallax_layout_list&quot;:[]}\">\n\t\t\t\t\t\t<div class=\"elementor-container elementor-column-gap-default\">\n\t\t\t\t\t<div class=\"elementor-column elementor-col-100 elementor-top-column elementor-element elementor-element-9bdc3c4\" data-id=\"9bdc3c4\" data-element_type=\"column\" data-e-type=\"column\">\n\t\t\t<div class=\"elementor-widget-wrap elementor-element-populated\">\n\t\t\t\t\t\t<div class=\"elementor-element elementor-element-ce1a5c9 elementor-widget elementor-widget-text-editor\" data-id=\"ce1a5c9\" data-element_type=\"widget\" data-e-type=\"widget\" data-widget_type=\"text-editor.default\">\n\t\t\t\t<div class=\"elementor-widget-container\">\n\t\t\t\t\t\t\t\t\t<p><span style=\"font-weight: 400;\">La France n\u2019est pas le premier pays \u00e0 d\u00e9battre l\u2019aide \u00e0 la dignit\u00e9 dans les derniers instants. <strong>Le Luxembourg, les Pays-Bas, l\u2019Allemagne, la Belgique, la Suisse, l\u2019Espagne, le Portugal et l\u2019Autriche<\/strong> ont d\u00e9j\u00e0 adopt\u00e9 et mis en place des <strong>lois l\u00e9galisant le suicide assist\u00e9 et l\u2019euthanasie sous certaines conditions<\/strong><\/span><a href=\"https:\/\/fr.euronews.com\/sante\/2024\/12\/02\/quels-pays-europeens-autorisent-le-suicide-assiste-et-leuthanasie\"><span style=\"font-weight: 400;\">(12)<\/span><\/a><span style=\"font-weight: 400;\">.<\/span><\/p><p><span style=\"font-weight: 400;\">Dans tous les textes de loi europ\u00e9ens promulgu\u00e9s, le suicide assist\u00e9 et l\u2019euthanasie ne sont jamais autoris\u00e9s librement : <strong>il faut t\u00e9moigner d\u2019une souffrance insupportable<\/strong> (physique et\/ou psychologique), ou exprimer la <strong>volont\u00e9 de rester pleinement conscient de ses moyens avant de mourir<\/strong><\/span><a href=\"https:\/\/fr.euronews.com\/sante\/2024\/12\/02\/quels-pays-europeens-autorisent-le-suicide-assiste-et-leuthanasie\"><span style=\"font-weight: 400;\">(12)<\/span><\/a><span style=\"font-weight: 400;\">. La proposition de loi port\u00e9e par Olivier Falorni suit le m\u00eame mod\u00e8le. L\u2019expansion de ce sujet dans d\u2019autres pays prouve qu\u2019il est d\u2019actualit\u00e9 et qu\u2019un changement des m\u0153urs s\u2019op\u00e8re avec notre \u00e9poque. Les valeurs changent et promeuvent une forme de <strong>libert\u00e9<\/strong> et <strong>d\u2019autonomie<\/strong>, qui de nos jours s\u2019obtient souvent par des am\u00e9nagements \u00e0 l\u2019int\u00e9rieur du domicile ou \u00e0 travers l\u2019usage de dispositifs m\u00e9dicaux.\u00a0<\/span><\/p>\t\t\t\t\t\t\t\t<\/div>\n\t\t\t\t<\/div>\n\t\t\t\t\t<\/div>\n\t\t<\/div>\n\t\t\t\t\t<\/div>\n\t\t<\/section>\n\t\t\t\t<section class=\"elementor-section elementor-top-section elementor-element elementor-element-86c815b elementor-section-boxed elementor-section-height-default elementor-section-height-default\" data-id=\"86c815b\" data-element_type=\"section\" data-e-type=\"section\" data-settings=\"{&quot;jet_parallax_layout_list&quot;:[]}\">\n\t\t\t\t\t\t<div class=\"elementor-container elementor-column-gap-default\">\n\t\t\t\t\t<div class=\"elementor-column elementor-col-100 elementor-top-column elementor-element elementor-element-6b73e17\" data-id=\"6b73e17\" data-element_type=\"column\" data-e-type=\"column\">\n\t\t\t<div class=\"elementor-widget-wrap elementor-element-populated\">\n\t\t\t\t\t\t<div class=\"elementor-element elementor-element-de12b36 elementor-widget elementor-widget-spacer\" data-id=\"de12b36\" data-element_type=\"widget\" data-e-type=\"widget\" data-widget_type=\"spacer.default\">\n\t\t\t\t<div class=\"elementor-widget-container\">\n\t\t\t\t\t\t\t<div class=\"elementor-spacer\">\n\t\t\t<div class=\"elementor-spacer-inner\"><\/div>\n\t\t<\/div>\n\t\t\t\t\t\t<\/div>\n\t\t\t\t<\/div>\n\t\t\t\t<div class=\"elementor-element elementor-element-abb8f8b elementor-widget elementor-widget-heading\" data-id=\"abb8f8b\" data-element_type=\"widget\" data-e-type=\"widget\" data-widget_type=\"heading.default\">\n\t\t\t\t<div class=\"elementor-widget-container\">\n\t\t\t\t\t<h2 class=\"elementor-heading-title elementor-size-default\">Autonomie, dignit\u00e9, fin de vie : ORTHOPUS s\u2019interroge<\/h2>\t\t\t\t<\/div>\n\t\t\t\t<\/div>\n\t\t\t\t\t<\/div>\n\t\t<\/div>\n\t\t\t\t\t<\/div>\n\t\t<\/section>\n\t\t\t\t<section class=\"elementor-section elementor-top-section elementor-element elementor-element-ddce5c4 elementor-section-boxed elementor-section-height-default elementor-section-height-default\" data-id=\"ddce5c4\" data-element_type=\"section\" data-e-type=\"section\" data-settings=\"{&quot;jet_parallax_layout_list&quot;:[]}\">\n\t\t\t\t\t\t<div class=\"elementor-container elementor-column-gap-default\">\n\t\t\t\t\t<div class=\"elementor-column elementor-col-100 elementor-top-column elementor-element elementor-element-ca9be70\" data-id=\"ca9be70\" data-element_type=\"column\" data-e-type=\"column\">\n\t\t\t<div class=\"elementor-widget-wrap elementor-element-populated\">\n\t\t\t\t\t\t<div class=\"elementor-element elementor-element-2b2c296 elementor-widget elementor-widget-text-editor\" data-id=\"2b2c296\" data-element_type=\"widget\" data-e-type=\"widget\" data-widget_type=\"text-editor.default\">\n\t\t\t\t<div class=\"elementor-widget-container\">\n\t\t\t\t\t\t\t\t\t<p><span style=\"font-weight: 400;\">Si les deux textes avancent c\u00f4te \u00e0 c\u00f4te, <strong>c\u2019est bien la proposition de loi sur l\u2019aide \u00e0 mourir qui cristallise l\u2019attention<\/strong>. Elle fait l\u2019objet de discussions complexes qui m\u00ealent consid\u00e9rations \u00e9thiques, morales, religieuses, psychologiques et morales. \u00c0 l\u2019inverse, celle sur les soins palliatifs fait consensus et devrait \u00eatre adopt\u00e9e sans heurts.<\/span><\/p><p>\u00a0<\/p><p><span style=\"font-weight: 400;\">\u00c0 ORTHOPUS, ces questions r\u00e9sonnent profond\u00e9ment avec <strong>notre engagement pour l\u2019autonomie et la dignit\u00e9 des personnes<\/strong>. Le d\u00e9bat autour de l\u2019aide \u00e0 mourir d\u00e9passe le cadre m\u00e9dical : il interroge notre <strong>rapport collectif mais aussi individuel et intime \u00e0 la souffrance<\/strong>, \u00e0 la vuln\u00e9rabilit\u00e9, \u00e0 la mort \u2014 encore souvent taboue. Mais au-del\u00e0 d\u2019un enjeu \u00e9thique ou de libert\u00e9 personnelle, c\u2019est aussi un sujet profond\u00e9ment social, qui invite \u00e0 questionner <strong>notre mani\u00e8re de prendre soin les uns des autres et au respect<\/strong>. Nous pensons que ces d\u00e9cisions, actuellement discut\u00e9es \u00e0 l\u2019Assembl\u00e9e nationale, devraient int\u00e9grer la voix des personnes directement concern\u00e9es \u2014 personnes qui vivent avec une souffrance intol\u00e9rable, proches, aidant\u2022es \u2014 pour construire une loi <strong>r\u00e9ellement humaine<\/strong>, au plus pr\u00e8s des r\u00e9alit\u00e9s v\u00e9cues.<\/span><\/p>\t\t\t\t\t\t\t\t<\/div>\n\t\t\t\t<\/div>\n\t\t\t\t<div class=\"elementor-element elementor-element-e6077cd elementor-widget elementor-widget-spacer\" data-id=\"e6077cd\" data-element_type=\"widget\" data-e-type=\"widget\" data-widget_type=\"spacer.default\">\n\t\t\t\t<div class=\"elementor-widget-container\">\n\t\t\t\t\t\t\t<div class=\"elementor-spacer\">\n\t\t\t<div class=\"elementor-spacer-inner\"><\/div>\n\t\t<\/div>\n\t\t\t\t\t\t<\/div>\n\t\t\t\t<\/div>\n\t\t\t\t\t<\/div>\n\t\t<\/div>\n\t\t\t\t\t<\/div>\n\t\t<\/section>\n\t\t\t\t<section class=\"elementor-section elementor-top-section elementor-element elementor-element-382b832 elementor-section-boxed elementor-section-height-default elementor-section-height-default\" data-id=\"382b832\" data-element_type=\"section\" data-e-type=\"section\" data-settings=\"{&quot;jet_parallax_layout_list&quot;:[]}\">\n\t\t\t\t\t\t\t<div class=\"elementor-background-overlay\"><\/div>\n\t\t\t\t\t\t\t<div class=\"elementor-container elementor-column-gap-default\">\n\t\t\t\t\t<div class=\"elementor-column elementor-col-100 elementor-top-column elementor-element elementor-element-8eb5938\" data-id=\"8eb5938\" data-element_type=\"column\" data-e-type=\"column\">\n\t\t\t<div class=\"elementor-widget-wrap elementor-element-populated\">\n\t\t\t\t\t\t<div class=\"elementor-element elementor-element-0e5025b elementor-widget elementor-widget-text-editor\" data-id=\"0e5025b\" data-element_type=\"widget\" data-e-type=\"widget\" data-widget_type=\"text-editor.default\">\n\t\t\t\t<div class=\"elementor-widget-container\">\n\t\t\t\t\t\t\t\t\t<strong>SOURCES :<\/strong>\n\n<strong>\u00a0<\/strong>\n<ol>\n \t<li><span style=\"font-weight: 400;\">Franceinfo &#8211; mai 2025.<\/span> <a href=\"https:\/\/www.francetvinfo.fr\/societe\/euthanasie\/direct-fin-de-vie-les-propositions-de-loi-sur-les-soins-palliatifs-et-l-aide-a-mourir-arrivent-a-l-assemblee-nationale-suivez-le-premier-jour-des-debats_7242081.html\">Fin de vie\u202f: \u00ab Aucun soignant ne sera oblig\u00e9 de pratiquer l\u2019acte l\u00e9tal \u00bb, assure Catherine Vautrin, avant l\u2019examen des textes sur l\u2019aide \u00e0 mourir \u00e0 l\u2019Assembl\u00e9e nationale<\/a>.<\/li>\n \t<li><span style=\"font-weight: 400;\">La Croix &#8211; mai 2025.<\/span><strong><a href=\"https:\/\/www.la-croix.com\/societe\/lois-fin-de-vie-l-inquietude-monte-dans-le-monde-catholique-20250511\"> Lois fin de vie\u202f: l\u2019inqui\u00e9tude monte dans le monde catholique.\u00a0<\/a><\/strong><\/li>\n \t<li><span style=\"font-weight: 400;\">Le Marianne &#8211; mai 2025. <a href=\"https:\/\/www.marianne.net\/politique\/bertrand-leo-combrade-la-consigne-de-vote-laisse-toujours-une-marge-de-manoeuvre-a-chaque-parlementaire\">S\u00e9mat C. Bertrand-L\u00e9o Combrade\u202f: \u00ab La consigne de vote laisse toujours une marge de man\u0153uvre \u00e0 chaque parlementaire. \u00bb\u00a0<\/a><\/span><\/li>\n \t<li><span style=\"font-weight: 400;\">Franceinfo &#8211; mai 2025. <a href=\"https:\/\/www.francetvinfo.fr\/societe\/euthanasie\/fin-de-vie-cinq-questions-sur-les-soins-d-accompagnement-palliatifs-que-le-gouvernement-veut-developper_6226689.html\">Fin de vie\u202f: cinq questions sur les \u00ab soins d\u2019accompagnement \u00bb palliatifs que le gouvernement veut d\u00e9velopper.<\/a>\u00a0<\/span><\/li>\n \t<li><span style=\"font-weight: 400;\">Les Echos &#8211; septembre 2022. <a href=\"https:\/\/www.lesechos.fr\/politique-societe\/politique\/assemblee-nationale-olivier-falorni-rejoint-le-groupe-modem-1852330\">Assembl\u00e9e nationale\u202f: Olivier Falorni rejoint le groupe Modem.<\/a><\/span><\/li>\n \t<li><span style=\"font-weight: 400;\">BFMTV &#8211; mai 2025. <a href=\"https:\/\/www.bfmtv.com\/politique\/projet-de-loi-sur-la-fin-de-vie-je-ne-veux-pas-utiliser-le-mot-euthanasie-indique-olivier-falorni-ancien-rapporteur-general-de-la-commission-speciale_VN-202505120260.html\">Projet de loi sur la fin de vie: \u00ab Je ne veux pas utiliser le mot euthanasie \u00bb, indique Olivier Falorni.<\/a>\u00a0\u00a0<\/span><\/li>\n \t<li><span style=\"font-weight: 400;\">Ouest France &#8211; mai 2025. <a href=\"https:\/\/www.ouest-france.fr\/societe\/fin-de-vie\/fin-de-vie-que-contiennent-les-deux-textes-debattus-a-lassemblee-a-partir-de-ce-lundi-3c52c0b2-29ba-11f0-964c-4f0f93c651c3\">Fin de vie\u202f: que contiennent les deux textes d\u00e9battus \u00e0 l\u2019Assembl\u00e9e nationale \u00e0 partir de ce lundi\u202f?<\/a>\u00a0<\/span><\/li>\n \t<li><span style=\"font-weight: 400;\">TF1 INFO &#8211; mai 2025. <a href=\"https:\/\/www.tf1info.fr\/sante\/videos\/video-cette-loi-sur-la-fin-de-vie-est-necessaire-le-temoignage-de-michel-atteint-de-la-maladie-de-charcot-48792-2370223.html\">\u00ab Cette loi sur la fin de vie est n\u00e9cessaire \u00bb: le t\u00e9moignage de Michel, atteint de la maladie de Charcot.<\/a>\u00a0\u00a0<\/span><\/li>\n \t<li><span style=\"font-weight: 400;\">TF1 INFO &#8211; mai 2025. <a href=\"https:\/\/www.tf1info.fr\/politique\/je-me-battrai-bruno-retailleau-fermement-oppose-au-texte-sur-l-aide-a-mourir-qu-il-juge-desequilibre-2370074.html\">\u00ab Je me battrai \u00bb\u202f: Bruno Retailleau fermement oppos\u00e9 au texte sur l\u2019aide \u00e0 mourir, qu\u2019il juge \u00ab d\u00e9s\u00e9quilibr\u00e9 \u00bb<\/a>.\u00a0\u00a0<\/span><\/li>\n \t<li><span style=\"font-weight: 400;\">RFI &#8211; avril 2024. <a href=\"https:\/\/www.rfi.fr\/fr\/podcasts\/reportage-france\/20240428-fin-de-vie-cette-loi-je-l-attendais-le-t%C3%A9moignage-de-lo%C3%AFc-atteint-de-la-maladie-de-charcot\">Reportage France &#8211; Fin de vie: \u00abCette loi je l\u2019attendais\u00bb, le t\u00e9moignage de Lo\u00efc atteint de la maladie de Charcot.\u00a0<\/a><\/span><\/li>\n \t<li><span style=\"font-weight: 400;\">La Croix &#8211; mai 2025. <a href=\"https:\/\/www.la-croix.com\/religion\/fin-de-vie-le-president-de-la-conference-des-eveques-repond-a-emmanuel-macron-20250506\">Fin de vie\u202f: le pr\u00e9sident de la Conf\u00e9rence des \u00e9v\u00eaques r\u00e9pond \u00e0 Emmanuel Macron.<\/a>\u00a0\u00a0<\/span><\/li>\n \t<li><span style=\"font-weight: 400;\">Euronews &#8211; d\u00e9cembre 2024. <a href=\"https:\/\/fr.euronews.com\/sante\/2024\/12\/02\/quels-pays-europeens-autorisent-le-suicide-assiste-et-leuthanasie\">Quels pays europ\u00e9ens autorisent le suicide assist\u00e9 et l\u2019euthanasie\u202f?<\/a>\u00a0\u00a0<\/span><\/li>\n<\/ol>\t\t\t\t\t\t\t\t<\/div>\n\t\t\t\t<\/div>\n\t\t\t\t\t<\/div>\n\t\t<\/div>\n\t\t\t\t\t<\/div>\n\t\t<\/section>\n\t\t\t\t<\/div>\n\t\t","protected":false},"excerpt":{"rendered":"<p>Pr\u00e8s d\u2019un an apr\u00e8s la dissolution de l\u2019Assembl\u00e9e nationale d\u00e9cid\u00e9e par Emmanuel Macron en juin 2024, l\u2019examen de la proposition de loi sur la fin de vie reprend. Ce texte sensible continue de diviser une grande partie des Fran\u00e7ais et des Fran\u00e7aises(1,2). Deux poids, deux mesures En quoi consistent ces d\u00e9bats ? Deux propositions de [&hellip;]<\/p>\n","protected":false},"author":23,"featured_media":16187,"comment_status":"open","ping_status":"closed","sticky":false,"template":"","format":"standard","meta":{"_jet_sm_ready_style":"","_jet_sm_style":"","_jet_sm_controls_values":"","_jet_sm_fonts_collection":"","_jet_sm_fonts_links":"","footnotes":""},"categories":[229],"tags":[346,100,61],"class_list":["post-16157","post","type-post","status-publish","format-standard","has-post-thumbnail","hentry","category-sante-solidaire","tag-france","tag-handicap","tag-handicap-moteur"],"yoast_head":"<!-- This site is optimized with the Yoast SEO plugin v27.4 - https:\/\/yoast.com\/product\/yoast-seo-wordpress\/ -->\n<title>Mai 2025, d\u00e9bat sur la fin de vie \u00e0 l&#039;assembl\u00e9e, tout comprendre.<\/title>\n<meta name=\"description\" content=\"Le d\u00e9bat sur la fin de vie \u00e0 l&#039;Assembl\u00e9e Nationale soul\u00e8ve des enjeux \u00e9thiques et sociaux sur les soins palliatifs et l\u2019aide \u00e0 mourir.\" \/>\n<meta name=\"robots\" content=\"index, follow, max-snippet:-1, max-image-preview:large, max-video-preview:-1\" \/>\n<link rel=\"canonical\" href=\"https:\/\/orthopus.com\/fr\/fin-de-vie-un-debat-central-dans-l-hemicycle-francais\/\" \/>\n<meta property=\"og:locale\" content=\"fr_FR\" \/>\n<meta property=\"og:type\" content=\"article\" \/>\n<meta property=\"og:title\" content=\"Mai 2025, d\u00e9bat sur la fin de vie \u00e0 l&#039;assembl\u00e9e, tout comprendre.\" \/>\n<meta property=\"og:description\" content=\"Le d\u00e9bat sur la fin de vie \u00e0 l&#039;Assembl\u00e9e Nationale soul\u00e8ve des enjeux \u00e9thiques et sociaux sur les soins palliatifs et l\u2019aide \u00e0 mourir.\" \/>\n<meta property=\"og:url\" content=\"https:\/\/orthopus.com\/fr\/fin-de-vie-un-debat-central-dans-l-hemicycle-francais\/\" \/>\n<meta property=\"og:site_name\" content=\"ORTHOPUS\" \/>\n<meta property=\"article:published_time\" content=\"2025-05-13T13:44:12+00:00\" \/>\n<meta property=\"article:modified_time\" content=\"2025-05-19T12:38:04+00:00\" \/>\n<meta property=\"og:image\" content=\"https:\/\/orthopus.com\/wp-content\/uploads\/2025\/05\/projet-loi-fin-de-vie.webp\" \/>\n\t<meta property=\"og:image:width\" content=\"1920\" \/>\n\t<meta property=\"og:image:height\" content=\"1282\" \/>\n\t<meta property=\"og:image:type\" content=\"image\/webp\" \/>\n<meta name=\"author\" content=\"Cl\u00e9mence Bouron\" \/>\n<meta name=\"twitter:card\" content=\"summary_large_image\" \/>\n<meta name=\"twitter:label1\" content=\"\u00c9crit par\" \/>\n\t<meta name=\"twitter:data1\" content=\"Cl\u00e9mence Bouron\" \/>\n\t<meta name=\"twitter:label2\" content=\"Dur\u00e9e de lecture estim\u00e9e\" \/>\n\t<meta name=\"twitter:data2\" content=\"10 minutes\" \/>\n<script type=\"application\/ld+json\" class=\"yoast-schema-graph\">{\"@context\":\"https:\\\/\\\/schema.org\",\"@graph\":[{\"@type\":\"NewsArticle\",\"@id\":\"https:\\\/\\\/orthopus.com\\\/fr\\\/fin-de-vie-un-debat-central-dans-l-hemicycle-francais\\\/#article\",\"isPartOf\":{\"@id\":\"https:\\\/\\\/orthopus.com\\\/fr\\\/fin-de-vie-un-debat-central-dans-l-hemicycle-francais\\\/\"},\"author\":{\"name\":\"Cl\u00e9mence Bouron\",\"@id\":\"https:\\\/\\\/orthopus.com\\\/#\\\/schema\\\/person\\\/82a5aaeeebd8d03c896f890eabacc3d6\"},\"headline\":\"D\u00e9bats sur la fin de vie : un sujet de soci\u00e9t\u00e9 au coeur de l&#8217;h\u00e9micycle fran\u00e7ais\",\"datePublished\":\"2025-05-13T13:44:12+00:00\",\"dateModified\":\"2025-05-19T12:38:04+00:00\",\"mainEntityOfPage\":{\"@id\":\"https:\\\/\\\/orthopus.com\\\/fr\\\/fin-de-vie-un-debat-central-dans-l-hemicycle-francais\\\/\"},\"wordCount\":1900,\"commentCount\":2,\"publisher\":{\"@id\":\"https:\\\/\\\/orthopus.com\\\/#organization\"},\"image\":{\"@id\":\"https:\\\/\\\/orthopus.com\\\/fr\\\/fin-de-vie-un-debat-central-dans-l-hemicycle-francais\\\/#primaryimage\"},\"thumbnailUrl\":\"https:\\\/\\\/orthopus.com\\\/wp-content\\\/uploads\\\/2025\\\/05\\\/projet-loi-fin-de-vie.webp\",\"keywords\":[\"france\",\"handicap\",\"handicap moteur\"],\"articleSection\":[\"Sant\u00e9 solidaire\"],\"inLanguage\":\"fr-FR\",\"potentialAction\":[{\"@type\":\"CommentAction\",\"name\":\"Comment\",\"target\":[\"https:\\\/\\\/orthopus.com\\\/fr\\\/fin-de-vie-un-debat-central-dans-l-hemicycle-francais\\\/#respond\"]}]},{\"@type\":\"WebPage\",\"@id\":\"https:\\\/\\\/orthopus.com\\\/fr\\\/fin-de-vie-un-debat-central-dans-l-hemicycle-francais\\\/\",\"url\":\"https:\\\/\\\/orthopus.com\\\/fr\\\/fin-de-vie-un-debat-central-dans-l-hemicycle-francais\\\/\",\"name\":\"Mai 2025, d\u00e9bat sur la fin de vie \u00e0 l'assembl\u00e9e, tout comprendre.\",\"isPartOf\":{\"@id\":\"https:\\\/\\\/orthopus.com\\\/#website\"},\"primaryImageOfPage\":{\"@id\":\"https:\\\/\\\/orthopus.com\\\/fr\\\/fin-de-vie-un-debat-central-dans-l-hemicycle-francais\\\/#primaryimage\"},\"image\":{\"@id\":\"https:\\\/\\\/orthopus.com\\\/fr\\\/fin-de-vie-un-debat-central-dans-l-hemicycle-francais\\\/#primaryimage\"},\"thumbnailUrl\":\"https:\\\/\\\/orthopus.com\\\/wp-content\\\/uploads\\\/2025\\\/05\\\/projet-loi-fin-de-vie.webp\",\"datePublished\":\"2025-05-13T13:44:12+00:00\",\"dateModified\":\"2025-05-19T12:38:04+00:00\",\"description\":\"Le d\u00e9bat sur la fin de vie \u00e0 l'Assembl\u00e9e Nationale soul\u00e8ve des enjeux \u00e9thiques et sociaux sur les soins palliatifs et l\u2019aide \u00e0 mourir.\",\"breadcrumb\":{\"@id\":\"https:\\\/\\\/orthopus.com\\\/fr\\\/fin-de-vie-un-debat-central-dans-l-hemicycle-francais\\\/#breadcrumb\"},\"inLanguage\":\"fr-FR\",\"potentialAction\":[{\"@type\":\"ReadAction\",\"target\":[\"https:\\\/\\\/orthopus.com\\\/fr\\\/fin-de-vie-un-debat-central-dans-l-hemicycle-francais\\\/\"]}]},{\"@type\":\"ImageObject\",\"inLanguage\":\"fr-FR\",\"@id\":\"https:\\\/\\\/orthopus.com\\\/fr\\\/fin-de-vie-un-debat-central-dans-l-hemicycle-francais\\\/#primaryimage\",\"url\":\"https:\\\/\\\/orthopus.com\\\/wp-content\\\/uploads\\\/2025\\\/05\\\/projet-loi-fin-de-vie.webp\",\"contentUrl\":\"https:\\\/\\\/orthopus.com\\\/wp-content\\\/uploads\\\/2025\\\/05\\\/projet-loi-fin-de-vie.webp\",\"width\":1920,\"height\":1282,\"caption\":\"Image d'illustration pour le projet de loi sur la fin de vie\"},{\"@type\":\"BreadcrumbList\",\"@id\":\"https:\\\/\\\/orthopus.com\\\/fr\\\/fin-de-vie-un-debat-central-dans-l-hemicycle-francais\\\/#breadcrumb\",\"itemListElement\":[{\"@type\":\"ListItem\",\"position\":1,\"name\":\"Accueil\",\"item\":\"https:\\\/\\\/orthopus.com\\\/fr\\\/\"},{\"@type\":\"ListItem\",\"position\":2,\"name\":\"D\u00e9bats sur la fin de vie : un sujet de soci\u00e9t\u00e9 au coeur de l&#8217;h\u00e9micycle fran\u00e7ais\"}]},{\"@type\":\"WebSite\",\"@id\":\"https:\\\/\\\/orthopus.com\\\/#website\",\"url\":\"https:\\\/\\\/orthopus.com\\\/\",\"name\":\"ORTHOPUS\",\"description\":\"Handitech solutions for everyone\",\"publisher\":{\"@id\":\"https:\\\/\\\/orthopus.com\\\/#organization\"},\"potentialAction\":[{\"@type\":\"SearchAction\",\"target\":{\"@type\":\"EntryPoint\",\"urlTemplate\":\"https:\\\/\\\/orthopus.com\\\/?s={search_term_string}\"},\"query-input\":{\"@type\":\"PropertyValueSpecification\",\"valueRequired\":true,\"valueName\":\"search_term_string\"}}],\"inLanguage\":\"fr-FR\"},{\"@type\":\"Organization\",\"@id\":\"https:\\\/\\\/orthopus.com\\\/#organization\",\"name\":\"ORTHOPUS\",\"url\":\"https:\\\/\\\/orthopus.com\\\/\",\"logo\":{\"@type\":\"ImageObject\",\"inLanguage\":\"fr-FR\",\"@id\":\"https:\\\/\\\/orthopus.com\\\/#\\\/schema\\\/logo\\\/image\\\/\",\"url\":\"https:\\\/\\\/orthopus.com\\\/wp-content\\\/uploads\\\/2020\\\/04\\\/Logo-ORTHOPUS-support-de-bras-personnalisable.png\",\"contentUrl\":\"https:\\\/\\\/orthopus.com\\\/wp-content\\\/uploads\\\/2020\\\/04\\\/Logo-ORTHOPUS-support-de-bras-personnalisable.png\",\"width\":416,\"height\":98,\"caption\":\"ORTHOPUS\"},\"image\":{\"@id\":\"https:\\\/\\\/orthopus.com\\\/#\\\/schema\\\/logo\\\/image\\\/\"}},{\"@type\":\"Person\",\"@id\":\"https:\\\/\\\/orthopus.com\\\/#\\\/schema\\\/person\\\/82a5aaeeebd8d03c896f890eabacc3d6\",\"name\":\"Cl\u00e9mence Bouron\",\"image\":{\"@type\":\"ImageObject\",\"inLanguage\":\"fr-FR\",\"@id\":\"https:\\\/\\\/secure.gravatar.com\\\/avatar\\\/5feb567d724b1d8df4065e3b32e794156145e89d643599e1e262ea8551fcf3e8?s=96&d=mm&r=g\",\"url\":\"https:\\\/\\\/secure.gravatar.com\\\/avatar\\\/5feb567d724b1d8df4065e3b32e794156145e89d643599e1e262ea8551fcf3e8?s=96&d=mm&r=g\",\"contentUrl\":\"https:\\\/\\\/secure.gravatar.com\\\/avatar\\\/5feb567d724b1d8df4065e3b32e794156145e89d643599e1e262ea8551fcf3e8?s=96&d=mm&r=g\",\"caption\":\"Cl\u00e9mence Bouron\"},\"description\":\"Cl\u00e9mence est sp\u00e9cialis\u00e9e en \u00e9dition et en communication. Forte de premi\u00e8res exp\u00e9riences en communication dans des maisons d\u2019\u00e9dition et des biblioth\u00e8ques multi-culturelles, elle a rejoint ORTHOPUS o\u00f9 elle est en charge de la r\u00e9daction des contenus sur des supports de communication print et web.\",\"sameAs\":[\"http:\\\/\\\/orthopus.com\"],\"url\":\"https:\\\/\\\/orthopus.com\\\/fr\\\/author\\\/clemence\\\/\"}]}<\/script>\n<!-- \/ Yoast SEO plugin. -->","yoast_head_json":{"title":"Mai 2025, d\u00e9bat sur la fin de vie \u00e0 l'assembl\u00e9e, tout comprendre.","description":"Le d\u00e9bat sur la fin de vie \u00e0 l'Assembl\u00e9e Nationale soul\u00e8ve des enjeux \u00e9thiques et sociaux sur les soins palliatifs et l\u2019aide \u00e0 mourir.","robots":{"index":"index","follow":"follow","max-snippet":"max-snippet:-1","max-image-preview":"max-image-preview:large","max-video-preview":"max-video-preview:-1"},"canonical":"https:\/\/orthopus.com\/fr\/fin-de-vie-un-debat-central-dans-l-hemicycle-francais\/","og_locale":"fr_FR","og_type":"article","og_title":"Mai 2025, d\u00e9bat sur la fin de vie \u00e0 l'assembl\u00e9e, tout comprendre.","og_description":"Le d\u00e9bat sur la fin de vie \u00e0 l'Assembl\u00e9e Nationale soul\u00e8ve des enjeux \u00e9thiques et sociaux sur les soins palliatifs et l\u2019aide \u00e0 mourir.","og_url":"https:\/\/orthopus.com\/fr\/fin-de-vie-un-debat-central-dans-l-hemicycle-francais\/","og_site_name":"ORTHOPUS","article_published_time":"2025-05-13T13:44:12+00:00","article_modified_time":"2025-05-19T12:38:04+00:00","og_image":[{"width":1920,"height":1282,"url":"https:\/\/orthopus.com\/wp-content\/uploads\/2025\/05\/projet-loi-fin-de-vie.webp","type":"image\/webp"}],"author":"Cl\u00e9mence Bouron","twitter_card":"summary_large_image","twitter_misc":{"\u00c9crit par":"Cl\u00e9mence Bouron","Dur\u00e9e de lecture estim\u00e9e":"10 minutes"},"schema":{"@context":"https:\/\/schema.org","@graph":[{"@type":"NewsArticle","@id":"https:\/\/orthopus.com\/fr\/fin-de-vie-un-debat-central-dans-l-hemicycle-francais\/#article","isPartOf":{"@id":"https:\/\/orthopus.com\/fr\/fin-de-vie-un-debat-central-dans-l-hemicycle-francais\/"},"author":{"name":"Cl\u00e9mence Bouron","@id":"https:\/\/orthopus.com\/#\/schema\/person\/82a5aaeeebd8d03c896f890eabacc3d6"},"headline":"D\u00e9bats sur la fin de vie : un sujet de soci\u00e9t\u00e9 au coeur de l&#8217;h\u00e9micycle fran\u00e7ais","datePublished":"2025-05-13T13:44:12+00:00","dateModified":"2025-05-19T12:38:04+00:00","mainEntityOfPage":{"@id":"https:\/\/orthopus.com\/fr\/fin-de-vie-un-debat-central-dans-l-hemicycle-francais\/"},"wordCount":1900,"commentCount":2,"publisher":{"@id":"https:\/\/orthopus.com\/#organization"},"image":{"@id":"https:\/\/orthopus.com\/fr\/fin-de-vie-un-debat-central-dans-l-hemicycle-francais\/#primaryimage"},"thumbnailUrl":"https:\/\/orthopus.com\/wp-content\/uploads\/2025\/05\/projet-loi-fin-de-vie.webp","keywords":["france","handicap","handicap moteur"],"articleSection":["Sant\u00e9 solidaire"],"inLanguage":"fr-FR","potentialAction":[{"@type":"CommentAction","name":"Comment","target":["https:\/\/orthopus.com\/fr\/fin-de-vie-un-debat-central-dans-l-hemicycle-francais\/#respond"]}]},{"@type":"WebPage","@id":"https:\/\/orthopus.com\/fr\/fin-de-vie-un-debat-central-dans-l-hemicycle-francais\/","url":"https:\/\/orthopus.com\/fr\/fin-de-vie-un-debat-central-dans-l-hemicycle-francais\/","name":"Mai 2025, d\u00e9bat sur la fin de vie \u00e0 l'assembl\u00e9e, tout comprendre.","isPartOf":{"@id":"https:\/\/orthopus.com\/#website"},"primaryImageOfPage":{"@id":"https:\/\/orthopus.com\/fr\/fin-de-vie-un-debat-central-dans-l-hemicycle-francais\/#primaryimage"},"image":{"@id":"https:\/\/orthopus.com\/fr\/fin-de-vie-un-debat-central-dans-l-hemicycle-francais\/#primaryimage"},"thumbnailUrl":"https:\/\/orthopus.com\/wp-content\/uploads\/2025\/05\/projet-loi-fin-de-vie.webp","datePublished":"2025-05-13T13:44:12+00:00","dateModified":"2025-05-19T12:38:04+00:00","description":"Le d\u00e9bat sur la fin de vie \u00e0 l'Assembl\u00e9e Nationale soul\u00e8ve des enjeux \u00e9thiques et sociaux sur les soins palliatifs et l\u2019aide \u00e0 mourir.","breadcrumb":{"@id":"https:\/\/orthopus.com\/fr\/fin-de-vie-un-debat-central-dans-l-hemicycle-francais\/#breadcrumb"},"inLanguage":"fr-FR","potentialAction":[{"@type":"ReadAction","target":["https:\/\/orthopus.com\/fr\/fin-de-vie-un-debat-central-dans-l-hemicycle-francais\/"]}]},{"@type":"ImageObject","inLanguage":"fr-FR","@id":"https:\/\/orthopus.com\/fr\/fin-de-vie-un-debat-central-dans-l-hemicycle-francais\/#primaryimage","url":"https:\/\/orthopus.com\/wp-content\/uploads\/2025\/05\/projet-loi-fin-de-vie.webp","contentUrl":"https:\/\/orthopus.com\/wp-content\/uploads\/2025\/05\/projet-loi-fin-de-vie.webp","width":1920,"height":1282,"caption":"Image d'illustration pour le projet de loi sur la fin de vie"},{"@type":"BreadcrumbList","@id":"https:\/\/orthopus.com\/fr\/fin-de-vie-un-debat-central-dans-l-hemicycle-francais\/#breadcrumb","itemListElement":[{"@type":"ListItem","position":1,"name":"Accueil","item":"https:\/\/orthopus.com\/fr\/"},{"@type":"ListItem","position":2,"name":"D\u00e9bats sur la fin de vie : un sujet de soci\u00e9t\u00e9 au coeur de l&#8217;h\u00e9micycle fran\u00e7ais"}]},{"@type":"WebSite","@id":"https:\/\/orthopus.com\/#website","url":"https:\/\/orthopus.com\/","name":"ORTHOPUS","description":"Handitech solutions for everyone","publisher":{"@id":"https:\/\/orthopus.com\/#organization"},"potentialAction":[{"@type":"SearchAction","target":{"@type":"EntryPoint","urlTemplate":"https:\/\/orthopus.com\/?s={search_term_string}"},"query-input":{"@type":"PropertyValueSpecification","valueRequired":true,"valueName":"search_term_string"}}],"inLanguage":"fr-FR"},{"@type":"Organization","@id":"https:\/\/orthopus.com\/#organization","name":"ORTHOPUS","url":"https:\/\/orthopus.com\/","logo":{"@type":"ImageObject","inLanguage":"fr-FR","@id":"https:\/\/orthopus.com\/#\/schema\/logo\/image\/","url":"https:\/\/orthopus.com\/wp-content\/uploads\/2020\/04\/Logo-ORTHOPUS-support-de-bras-personnalisable.png","contentUrl":"https:\/\/orthopus.com\/wp-content\/uploads\/2020\/04\/Logo-ORTHOPUS-support-de-bras-personnalisable.png","width":416,"height":98,"caption":"ORTHOPUS"},"image":{"@id":"https:\/\/orthopus.com\/#\/schema\/logo\/image\/"}},{"@type":"Person","@id":"https:\/\/orthopus.com\/#\/schema\/person\/82a5aaeeebd8d03c896f890eabacc3d6","name":"Cl\u00e9mence Bouron","image":{"@type":"ImageObject","inLanguage":"fr-FR","@id":"https:\/\/secure.gravatar.com\/avatar\/5feb567d724b1d8df4065e3b32e794156145e89d643599e1e262ea8551fcf3e8?s=96&d=mm&r=g","url":"https:\/\/secure.gravatar.com\/avatar\/5feb567d724b1d8df4065e3b32e794156145e89d643599e1e262ea8551fcf3e8?s=96&d=mm&r=g","contentUrl":"https:\/\/secure.gravatar.com\/avatar\/5feb567d724b1d8df4065e3b32e794156145e89d643599e1e262ea8551fcf3e8?s=96&d=mm&r=g","caption":"Cl\u00e9mence Bouron"},"description":"Cl\u00e9mence est sp\u00e9cialis\u00e9e en \u00e9dition et en communication. Forte de premi\u00e8res exp\u00e9riences en communication dans des maisons d\u2019\u00e9dition et des biblioth\u00e8ques multi-culturelles, elle a rejoint ORTHOPUS o\u00f9 elle est en charge de la r\u00e9daction des contenus sur des supports de communication print et web.","sameAs":["http:\/\/orthopus.com"],"url":"https:\/\/orthopus.com\/fr\/author\/clemence\/"}]}},"_links":{"self":[{"href":"https:\/\/orthopus.com\/fr\/wp-json\/wp\/v2\/posts\/16157","targetHints":{"allow":["GET"]}}],"collection":[{"href":"https:\/\/orthopus.com\/fr\/wp-json\/wp\/v2\/posts"}],"about":[{"href":"https:\/\/orthopus.com\/fr\/wp-json\/wp\/v2\/types\/post"}],"author":[{"embeddable":true,"href":"https:\/\/orthopus.com\/fr\/wp-json\/wp\/v2\/users\/23"}],"replies":[{"embeddable":true,"href":"https:\/\/orthopus.com\/fr\/wp-json\/wp\/v2\/comments?post=16157"}],"version-history":[{"count":25,"href":"https:\/\/orthopus.com\/fr\/wp-json\/wp\/v2\/posts\/16157\/revisions"}],"predecessor-version":[{"id":16260,"href":"https:\/\/orthopus.com\/fr\/wp-json\/wp\/v2\/posts\/16157\/revisions\/16260"}],"wp:featuredmedia":[{"embeddable":true,"href":"https:\/\/orthopus.com\/fr\/wp-json\/wp\/v2\/media\/16187"}],"wp:attachment":[{"href":"https:\/\/orthopus.com\/fr\/wp-json\/wp\/v2\/media?parent=16157"}],"wp:term":[{"taxonomy":"category","embeddable":true,"href":"https:\/\/orthopus.com\/fr\/wp-json\/wp\/v2\/categories?post=16157"},{"taxonomy":"post_tag","embeddable":true,"href":"https:\/\/orthopus.com\/fr\/wp-json\/wp\/v2\/tags?post=16157"}],"curies":[{"name":"wp","href":"https:\/\/api.w.org\/{rel}","templated":true}]}}